{"id":5522,"date":"2013-05-04T03:00:31","date_gmt":"2013-05-04T02:00:31","guid":{"rendered":"http:\/\/sven-ove.nu\/?p=5522"},"modified":"2013-05-02T21:57:58","modified_gmt":"2013-05-02T20:57:58","slug":"5522","status":"publish","type":"post","link":"https:\/\/sven-ove.nu\/?p=5522","title":{"rendered":"Sjung som morfar"},"content":{"rendered":"<p><a href=\"https:\/\/sven-ove.nu\/wp-content\/uploads\/2013\/05\/Fesk1.jpg\"><img loading=\"lazy\" decoding=\"async\" class=\"alignleft size-medium wp-image-5527\" title=\"Fesk\" src=\"https:\/\/sven-ove.nu\/wp-content\/uploads\/2013\/05\/Fesk1-300x196.jpg\" alt=\"\" width=\"300\" height=\"196\" srcset=\"https:\/\/sven-ove.nu\/wp-content\/uploads\/2013\/05\/Fesk1-300x196.jpg 300w, https:\/\/sven-ove.nu\/wp-content\/uploads\/2013\/05\/Fesk1.jpg 448w\" sizes=\"auto, (max-width: 300px) 100vw, 300px\" \/><\/a><\/p>\n<p>&nbsp;<\/p>\n<p>S\u00e5ngr\u00f6st har inte livet beg\u00e5vat mig med. Jag tillh\u00f6r den generation d\u00e4r vissa fick h\u00f6ra av i \u00f6vrigt kloka l\u00e4rare att \u201ddet verkar vara en brummare h\u00e4r\u201d. Sedan fick vi utg\u00e5 ur k\u00f6r\u00f6vningen.<\/p>\n<p>Grymt.<\/p>\n<p>Men egna s\u00e5nger har jag hittat p\u00e5. Tv\u00e5 av dem sj\u00f6ng vi f\u00f6r barnen och fick dem att somna till. Eller skratta \u00e5t ibland. Nu f\u00f6rs s\u00e5ngerna vidare genom muntlig tradition till fyra barnbarn. H\u00e4rom dagen blev en av dem uppbragt n\u00e4r hans mor sj\u00f6ng en av dem.<\/p>\n<p>&#8211; Du sjunger den inte som morfar!<\/p>\n<p>Ingen av s\u00e5ngerna \u00e4r nertecknad. De lever ett muntligt liv. Dessutom \u00e4r de synnerligen lovliga att improvisera, det har vi alltid gjort, beroende p\u00e5 vem vi sjunger om och till. Fast visst \u00e4r det kul att en fem\u00e5rig ung man tycker att det bara \u00e4r morfar som f\u00e5r improvisera morfars\u00e5ngerna.<\/p>\n<p><em>\u201dHundra sm\u00e5 busar somna\u2019 i en s\u00e4ng\u2026\u201d<\/em><\/p>\n<p><em><br \/>\n<\/em><\/p>\n","protected":false},"excerpt":{"rendered":"<p>&nbsp; S\u00e5ngr\u00f6st har inte livet beg\u00e5vat mig med. Jag tillh\u00f6r den generation d\u00e4r vissa fick h\u00f6ra av i \u00f6vrigt kloka l\u00e4rare att \u201ddet verkar vara en brummare h\u00e4r\u201d. Sedan fick vi utg\u00e5 ur k\u00f6r\u00f6vningen. Grymt. Men egna s\u00e5nger har jag hittat p\u00e5. Tv\u00e5 av dem sj\u00f6ng vi f\u00f6r barnen och fick dem att somna till. &hellip; <a href=\"https:\/\/sven-ove.nu\/?p=5522\" class=\"more-link\">Forts\u00e4tt l\u00e4sa <span class=\"screen-reader-text\">Sjung som morfar<\/span><\/a><\/p>\n","protected":false},"author":1,"featured_media":0,"comment_status":"open","ping_status":"open","sticky":false,"template":"","format":"standard","meta":{"_crdt_document":"","_monsterinsights_skip_tracking":false,"_monsterinsights_sitenote_active":false,"_monsterinsights_sitenote_note":"","_monsterinsights_sitenote_category":0,"footnotes":""},"categories":[10],"tags":[24,21],"class_list":["post-5522","post","type-post","status-publish","format-standard","hentry","category-familjen","tag-karlek","tag-ord"],"_links":{"self":[{"href":"https:\/\/sven-ove.nu\/index.php?rest_route=\/wp\/v2\/posts\/5522","targetHints":{"allow":["GET"]}}],"collection":[{"href":"https:\/\/sven-ove.nu\/index.php?rest_route=\/wp\/v2\/posts"}],"about":[{"href":"https:\/\/sven-ove.nu\/index.php?rest_route=\/wp\/v2\/types\/post"}],"author":[{"embeddable":true,"href":"https:\/\/sven-ove.nu\/index.php?rest_route=\/wp\/v2\/users\/1"}],"replies":[{"embeddable":true,"href":"https:\/\/sven-ove.nu\/index.php?rest_route=%2Fwp%2Fv2%2Fcomments&post=5522"}],"version-history":[{"count":6,"href":"https:\/\/sven-ove.nu\/index.php?rest_route=\/wp\/v2\/posts\/5522\/revisions"}],"predecessor-version":[{"id":5537,"href":"https:\/\/sven-ove.nu\/index.php?rest_route=\/wp\/v2\/posts\/5522\/revisions\/5537"}],"wp:attachment":[{"href":"https:\/\/sven-ove.nu\/index.php?rest_route=%2Fwp%2Fv2%2Fmedia&parent=5522"}],"wp:term":[{"taxonomy":"category","embeddable":true,"href":"https:\/\/sven-ove.nu\/index.php?rest_route=%2Fwp%2Fv2%2Fcategories&post=5522"},{"taxonomy":"post_tag","embeddable":true,"href":"https:\/\/sven-ove.nu\/index.php?rest_route=%2Fwp%2Fv2%2Ftags&post=5522"}],"curies":[{"name":"wp","href":"https:\/\/api.w.org\/{rel}","templated":true}]}}