{"id":5531,"date":"2013-05-05T03:00:00","date_gmt":"2013-05-05T02:00:00","guid":{"rendered":"http:\/\/sven-ove.nu\/?p=5531"},"modified":"2013-05-03T16:09:19","modified_gmt":"2013-05-03T15:09:19","slug":"stangt-kommer-straxt","status":"publish","type":"post","link":"https:\/\/sven-ove.nu\/?p=5531","title":{"rendered":"St\u00e4ngt, kommer &#8230; strax"},"content":{"rendered":"<p><a href=\"https:\/\/sven-ove.nu\/wp-content\/uploads\/2013\/05\/St\u00e4ngt2.jpg\"><img loading=\"lazy\" decoding=\"async\" class=\"alignleft size-full wp-image-5543\" title=\"St\u00e4ngt\" src=\"https:\/\/sven-ove.nu\/wp-content\/uploads\/2013\/05\/St\u00e4ngt2.jpg\" alt=\"\" width=\"539\" height=\"276\" srcset=\"https:\/\/sven-ove.nu\/wp-content\/uploads\/2013\/05\/St\u00e4ngt2.jpg 539w, https:\/\/sven-ove.nu\/wp-content\/uploads\/2013\/05\/St\u00e4ngt2-300x153.jpg 300w\" sizes=\"auto, (max-width: 539px) 100vw, 539px\" \/><\/a><\/p>\n<p>&nbsp;<\/p>\n<p>&nbsp;<\/p>\n<p>&nbsp;<\/p>\n<p>&nbsp;<\/p>\n<p>&nbsp;<\/p>\n<p>&nbsp;<\/p>\n<p>Dagarna g\u00e5r. Ibland skriver jag s\u00e5 fort datorn hinner, mitt i det fl\u00f6de som livet och inspirationen bjuder p\u00e5. Ibland h\u00e4nder det s\u00e5dant som jag inte har minsta behov av att ber\u00e4tta. Andras integritet \u00e4r viktigare \u00e4n po\u00e4ng i en blogg.<\/p>\n<p style=\"padding-left: 30px;\"><strong>En f\u00f6runderlig sak detta, att folk kan sitta i \u00c4lvsbacka, Girona, Stockholm och andra f\u00f6rorter och l\u00e4sa mina funderingar. Varje dag nya bes\u00f6kare, varje dag m\u00e5nga \u00e5terbes\u00f6k.\u00a0Men nu tar jag paus. Har inte v\u00e5gat f\u00f6rut, har inte velat heller, skrivandet \u00e4r nu ett m\u00e4ktigt gift. <\/strong><\/p>\n<p>Trevlig v\u00e5r. Inspiration finns det massor av, men nu ska jag anv\u00e4nda min till att toppa formen p\u00e5 andra h\u00e5ll n\u00e5gra dagar*.<\/p>\n<p>&nbsp;<\/p>\n<p><em>* T\u00e4nkte egentligen skriva <span style=\"text-decoration: underline;\">veckor<\/span>, men fanken vet om jag orkar h\u00e5lla fred i cyberrymden s\u00e5 l\u00e4nge. Ut och lyssna p\u00e5 f\u00e5glar nu! Snart \u00e4r det november.<\/em><\/p>\n","protected":false},"excerpt":{"rendered":"<p>&nbsp; &nbsp; &nbsp; &nbsp; &nbsp; &nbsp; Dagarna g\u00e5r. Ibland skriver jag s\u00e5 fort datorn hinner, mitt i det fl\u00f6de som livet och inspirationen bjuder p\u00e5. Ibland h\u00e4nder det s\u00e5dant som jag inte har minsta behov av att ber\u00e4tta. Andras integritet \u00e4r viktigare \u00e4n po\u00e4ng i en blogg. En f\u00f6runderlig sak detta, att folk kan sitta &hellip; <a href=\"https:\/\/sven-ove.nu\/?p=5531\" class=\"more-link\">Forts\u00e4tt l\u00e4sa <span class=\"screen-reader-text\">St\u00e4ngt, kommer &#8230; strax<\/span><\/a><\/p>\n","protected":false},"author":1,"featured_media":0,"comment_status":"open","ping_status":"open","sticky":false,"template":"","format":"standard","meta":{"_crdt_document":"","_monsterinsights_skip_tracking":false,"_monsterinsights_sitenote_active":false,"_monsterinsights_sitenote_note":"","_monsterinsights_sitenote_category":0,"footnotes":""},"categories":[4],"tags":[24,26],"class_list":["post-5531","post","type-post","status-publish","format-standard","hentry","category-skrivande","tag-karlek","tag-natur-2"],"_links":{"self":[{"href":"https:\/\/sven-ove.nu\/index.php?rest_route=\/wp\/v2\/posts\/5531","targetHints":{"allow":["GET"]}}],"collection":[{"href":"https:\/\/sven-ove.nu\/index.php?rest_route=\/wp\/v2\/posts"}],"about":[{"href":"https:\/\/sven-ove.nu\/index.php?rest_route=\/wp\/v2\/types\/post"}],"author":[{"embeddable":true,"href":"https:\/\/sven-ove.nu\/index.php?rest_route=\/wp\/v2\/users\/1"}],"replies":[{"embeddable":true,"href":"https:\/\/sven-ove.nu\/index.php?rest_route=%2Fwp%2Fv2%2Fcomments&post=5531"}],"version-history":[{"count":12,"href":"https:\/\/sven-ove.nu\/index.php?rest_route=\/wp\/v2\/posts\/5531\/revisions"}],"predecessor-version":[{"id":5550,"href":"https:\/\/sven-ove.nu\/index.php?rest_route=\/wp\/v2\/posts\/5531\/revisions\/5550"}],"wp:attachment":[{"href":"https:\/\/sven-ove.nu\/index.php?rest_route=%2Fwp%2Fv2%2Fmedia&parent=5531"}],"wp:term":[{"taxonomy":"category","embeddable":true,"href":"https:\/\/sven-ove.nu\/index.php?rest_route=%2Fwp%2Fv2%2Fcategories&post=5531"},{"taxonomy":"post_tag","embeddable":true,"href":"https:\/\/sven-ove.nu\/index.php?rest_route=%2Fwp%2Fv2%2Ftags&post=5531"}],"curies":[{"name":"wp","href":"https:\/\/api.w.org\/{rel}","templated":true}]}}