{"id":5647,"date":"2013-05-25T07:52:10","date_gmt":"2013-05-25T06:52:10","guid":{"rendered":"http:\/\/sven-ove.nu\/?p=5647"},"modified":"2013-05-25T08:22:08","modified_gmt":"2013-05-25T07:22:08","slug":"tre-tankar","status":"publish","type":"post","link":"https:\/\/sven-ove.nu\/?p=5647","title":{"rendered":"Tre tankar"},"content":{"rendered":"<p><a href=\"https:\/\/sven-ove.nu\/wp-content\/uploads\/2013\/05\/Bj\u00f6rkl\u00f6v1.jpg\"><img loading=\"lazy\" decoding=\"async\" class=\"alignright size-large wp-image-5648\" title=\"Bj\u00f6rkl\u00f6v\" src=\"https:\/\/sven-ove.nu\/wp-content\/uploads\/2013\/05\/Bj\u00f6rkl\u00f6v1-1024x312.jpg\" alt=\"\" width=\"640\" height=\"195\" srcset=\"https:\/\/sven-ove.nu\/wp-content\/uploads\/2013\/05\/Bj\u00f6rkl\u00f6v1-1024x312.jpg 1024w, https:\/\/sven-ove.nu\/wp-content\/uploads\/2013\/05\/Bj\u00f6rkl\u00f6v1-300x91.jpg 300w\" sizes=\"auto, (max-width: 640px) 100vw, 640px\" \/><\/a><\/p>\n<p>Ett av betingen jag gav mig sj\u00e4lv under blogguppeh\u00e5llet var att t\u00e4nka ut tre tankar.<\/p>\n<p><strong>1. F\u00f6rsta tanken<br \/>\n<\/strong>Den f\u00f6rsta tanken blev ett ord. Ordet <strong>bj\u00f6rkl\u00f6vslov<\/strong>, vilket var precis vad bloggen och jag tog oss. \u00c4r inte ordet talande nog? Bj\u00f6rkl\u00f6vslov. Det s\u00e4ger oss att svenska folket i forts\u00e4ttningen b\u00f6r f\u00e5 tv\u00e5 veckor ledigt i maj. Utan l\u00f6neavdrag.<\/p>\n<p>N\u00e4r lovet \u00e4r slut m\u00e5ste alla skriva en ber\u00e4ttelse. \u201dMitt bj\u00f6rkl\u00f6vslov\u201d.<\/p>\n<p><strong>2. Andra tanken<br \/>\n<\/strong>Den andra tanken blev en formulering. \u201d<strong>Naturen sj\u00e4lv \u00e4r b\u00e4sta blogg<\/strong>\u201d. Ser du inte hur minsta s\u00e4des\u00e4rla hittar tillbaka, hur minsta buske har \u00e5rsringar och att minsta jordkoka \u00e4r skapad av s\u00e5dant som varit? Naturen f\u00f6r dagbok hela tiden.<\/p>\n<p><strong>3. Tredje tanken<br \/>\n<\/strong>Eftersom jag gillar att r\u00f6ra p\u00e5 mig blev tredje tanken en l\u00f6pteoretisk grundsats. \u201d<strong>Summan av kroppens och tankens hastighet \u00e4r konstant.\u201d<\/strong> Formulerat den hade jag gjort tidigare, nu fick den en utf\u00f6rligare f\u00f6rklaring.<\/p>\n<p>Den ska jag ber\u00e4tta om p\u00e5 m\u00e5ndag.<\/p>\n<p><a href=\"https:\/\/sven-ove.nu\/wp-content\/uploads\/2013\/05\/Vitsippor.jpg\"><img loading=\"lazy\" decoding=\"async\" class=\"alignleft size-thumbnail wp-image-5651\" title=\"Vitsippor\" src=\"https:\/\/sven-ove.nu\/wp-content\/uploads\/2013\/05\/Vitsippor-150x150.jpg\" alt=\"\" width=\"150\" height=\"150\" \/><\/a><\/p>\n<p>&nbsp;<\/p>\n<p>&nbsp;<\/p>\n<p>&nbsp;<\/p>\n<p>&nbsp;<\/p>\n","protected":false},"excerpt":{"rendered":"<p>Ett av betingen jag gav mig sj\u00e4lv under blogguppeh\u00e5llet var att t\u00e4nka ut tre tankar. 1. F\u00f6rsta tanken Den f\u00f6rsta tanken blev ett ord. Ordet bj\u00f6rkl\u00f6vslov, vilket var precis vad bloggen och jag tog oss. \u00c4r inte ordet talande nog? Bj\u00f6rkl\u00f6vslov. Det s\u00e4ger oss att svenska folket i forts\u00e4ttningen b\u00f6r f\u00e5 tv\u00e5 veckor ledigt i &hellip; <a href=\"https:\/\/sven-ove.nu\/?p=5647\" class=\"more-link\">Forts\u00e4tt l\u00e4sa <span class=\"screen-reader-text\">Tre tankar<\/span><\/a><\/p>\n","protected":false},"author":1,"featured_media":0,"comment_status":"open","ping_status":"open","sticky":false,"template":"","format":"standard","meta":{"_crdt_document":"","_monsterinsights_skip_tracking":false,"_monsterinsights_sitenote_active":false,"_monsterinsights_sitenote_note":"","_monsterinsights_sitenote_category":0,"footnotes":""},"categories":[5,6,4],"tags":[24],"class_list":["post-5647","post","type-post","status-publish","format-standard","hentry","category-lopning","category-natur","category-skrivande","tag-karlek"],"_links":{"self":[{"href":"https:\/\/sven-ove.nu\/index.php?rest_route=\/wp\/v2\/posts\/5647","targetHints":{"allow":["GET"]}}],"collection":[{"href":"https:\/\/sven-ove.nu\/index.php?rest_route=\/wp\/v2\/posts"}],"about":[{"href":"https:\/\/sven-ove.nu\/index.php?rest_route=\/wp\/v2\/types\/post"}],"author":[{"embeddable":true,"href":"https:\/\/sven-ove.nu\/index.php?rest_route=\/wp\/v2\/users\/1"}],"replies":[{"embeddable":true,"href":"https:\/\/sven-ove.nu\/index.php?rest_route=%2Fwp%2Fv2%2Fcomments&post=5647"}],"version-history":[{"count":5,"href":"https:\/\/sven-ove.nu\/index.php?rest_route=\/wp\/v2\/posts\/5647\/revisions"}],"predecessor-version":[{"id":5654,"href":"https:\/\/sven-ove.nu\/index.php?rest_route=\/wp\/v2\/posts\/5647\/revisions\/5654"}],"wp:attachment":[{"href":"https:\/\/sven-ove.nu\/index.php?rest_route=%2Fwp%2Fv2%2Fmedia&parent=5647"}],"wp:term":[{"taxonomy":"category","embeddable":true,"href":"https:\/\/sven-ove.nu\/index.php?rest_route=%2Fwp%2Fv2%2Fcategories&post=5647"},{"taxonomy":"post_tag","embeddable":true,"href":"https:\/\/sven-ove.nu\/index.php?rest_route=%2Fwp%2Fv2%2Ftags&post=5647"}],"curies":[{"name":"wp","href":"https:\/\/api.w.org\/{rel}","templated":true}]}}