{"id":5655,"date":"2013-05-26T03:00:29","date_gmt":"2013-05-26T02:00:29","guid":{"rendered":"http:\/\/sven-ove.nu\/?p=5655"},"modified":"2013-05-26T11:48:19","modified_gmt":"2013-05-26T10:48:19","slug":"den-kastade-stenen-ar-en-klassfraga","status":"publish","type":"post","link":"https:\/\/sven-ove.nu\/?p=5655","title":{"rendered":"Den kastade stenen \u00e4r en klassfr\u00e5ga"},"content":{"rendered":"<p><a href=\"https:\/\/sven-ove.nu\/wp-content\/uploads\/2013\/05\/Sten1.jpg\"><img loading=\"lazy\" decoding=\"async\" class=\"alignright size-medium wp-image-5657\" title=\"Sten\" src=\"https:\/\/sven-ove.nu\/wp-content\/uploads\/2013\/05\/Sten1-295x300.jpg\" alt=\"\" width=\"295\" height=\"300\" srcset=\"https:\/\/sven-ove.nu\/wp-content\/uploads\/2013\/05\/Sten1-295x300.jpg 295w, https:\/\/sven-ove.nu\/wp-content\/uploads\/2013\/05\/Sten1-1009x1024.jpg 1009w, https:\/\/sven-ove.nu\/wp-content\/uploads\/2013\/05\/Sten1.jpg 1298w\" sizes=\"auto, (max-width: 295px) 100vw, 295px\" \/><\/a>L\u00e4ser det st\u00e4ndigt lika l\u00e4sv\u00e4rda nyhetsmagasinet <a href=\"http:\/\/www.fokus.se\">Fokus<\/a> och funderar \u00f6ver upploppen i Husby och andra f\u00f6rorter. Det \u00e4r aldrig r\u00e4tt att br\u00e4nna privatpersoners bilar, individuell terror \u00e4r aldrig en riktig politik. Jag har sannerligen varit rebell i mitt liv och \u00e4r det i viss mening fortfarande, men brandbomber mot daghem och restauranger har aldrig n\u00e5gon vettig m\u00e4nniska trott p\u00e5.<\/p>\n<p>Det \u00e4r medm\u00e4nniskor du kastar din sten emot. Din sten och din brand l\u00f6ser aldrig n\u00e5gonting. En skadad polis, en brandman vars ansikte du missar med n\u00e5gra centimeter, \u00e4r inget att vara stolt \u00f6ver.<\/p>\n<p><strong>Varf\u00f6r blir det upplopp?<br \/>\n<\/strong>N\u00e4r det \u00e4r sagt \u00e4r det dags att fundera \u00f6ver orsakerna. <a href=\"http:\/\/www.svd.se\/kultur\/ett-upplopp-ar-de-tystades-sprak_8203782.svd\" target=\"_blank\">Varf\u00f6r<\/a> blir det <a href=\"http:\/\/www.svd.se\/nyheter\/inrikes\/det-finns-ingen-utvag-harifran_8209420.svd\" target=\"_blank\">upplopp<\/a> i svenska f\u00f6rorter, nu som flera g\u00e5nger f\u00f6rr?<\/p>\n<p>F\u00f6r mig \u00e4r de upploppen f\u00f6rst och fr\u00e4mst en <strong>klassfr\u00e5ga<\/strong>, inte en fr\u00e5ga om att de som kastar har en annan hudf\u00e4rg (om de nu har det) \u00e4n majoriteten, inte en fr\u00e5ga om att de har andra f\u00f6rnamn \u00e4n flertalet (om de nu har det). Jag tror det handlar om en underklass i det svenska samh\u00e4llet. Unga m\u00e4n utan hopp. Ilska, desperation och hoppl\u00f6shet \u00e4r ingen bra kombination.<\/p>\n<p><a href=\"https:\/\/sven-ove.nu\/wp-content\/uploads\/2013\/05\/Sten2.jpg\"><img loading=\"lazy\" decoding=\"async\" class=\"alignleft size-thumbnail wp-image-5658\" title=\"Sten2\" src=\"https:\/\/sven-ove.nu\/wp-content\/uploads\/2013\/05\/Sten2-150x150.jpg\" alt=\"\" width=\"150\" height=\"150\" \/><\/a>F\u00f6r mig \u00e4r de trots allt \u00e4ven en fr\u00e5ga om svensk <strong>segregationspolitik<\/strong>, driven av den nuvarande regeringen och m\u00f6jligen ocks\u00e5 av den f\u00f6rra.<\/p>\n<p>F\u00f6r mig \u00e4r de en fr\u00e5ga om medvetet <strong>\u00f6kade klyftor<\/strong> i Sverige. Klyftor som blir v\u00e4rre och v\u00e4rre, bland annat d\u00e4rf\u00f6r att v\u00e5r regering vill det. Jobbskatteavdragen studsar tillbaka som kastade stenar ur de hoppl\u00f6sas h\u00e4nder.<\/p>\n<p><strong>Receptet?<br \/>\n<\/strong>I artikeln <a href=\"http:\/\/www.fokus.se\/2013\/05\/recept-for-ett-upplopp\/\">Recept f\u00f6r ett upplopp<\/a> i Fokus svarar Per-Olof Hallin, professor i kulturgeografi:<\/p>\n<p><em>\u201d- Man m\u00e5ste l\u00e5ngsiktigt och t\u00e5lmodigt arbeta f\u00f6r att f\u00f6rb\u00e4ttra m\u00e4nniskors levnadssituation i dessa omr\u00e5den. Det \u00e4r m\u00e5nga som inte g\u00e5r f\u00e4rdigt skolan eller g\u00e5r arbetsl\u00f6sa. Upploppen sker inte i omr\u00e5den d\u00e4r m\u00e4nniskor har det b\u00e4ttre st\u00e4llt.\u201d<\/em><\/p>\n<p>Precis s\u00e5 enkel och s\u00e5 sv\u00e5r \u00e4r l\u00f6sningen.<br \/>\nByt regering. Bryt segregationspolitiken. Bek\u00e4mpa de \u00f6kande klyftorna, bryt hoppl\u00f6sheten.<\/p>\n<p>Sluta tro p\u00e5 terror.<\/p>\n<p style=\"padding-left: 90px;\">*<\/p>\n<p style=\"padding-left: 60px;\">Finns du p\u00e5 facebook? L\u00e4s g\u00e4rna de h\u00e4r intressanta inl\u00e4ggen d\u00e4r:<br \/>\n<em>&#8211; Brandmannen <a href=\"http:\/\/www.facebook.com\/mattias.lassen?fref=ts\">Mattias Lass\u00e9n<\/a> skriver i onsdags till de som kastar sten p\u00e5 hans brandbil n\u00e4r han f\u00f6rs\u00f6ker hj\u00e4lpa.<br \/>\n&#8211; <\/em><em><a href=\"http:\/\/www.facebook.com\/gabriel.gherman\">Gabriel Gherman<\/a> skriver i torsdags: \u201d<\/em><em>Till dig som kastar sten f\u00f6r att ingen gett dig jobb\u201d.<\/em><\/p>\n<p style=\"padding-left: 60px;\"><em><br \/>\n<\/em><\/p>\n","protected":false},"excerpt":{"rendered":"<p>L\u00e4ser det st\u00e4ndigt lika l\u00e4sv\u00e4rda nyhetsmagasinet Fokus och funderar \u00f6ver upploppen i Husby och andra f\u00f6rorter. Det \u00e4r aldrig r\u00e4tt att br\u00e4nna privatpersoners bilar, individuell terror \u00e4r aldrig en riktig politik. Jag har sannerligen varit rebell i mitt liv och \u00e4r det i viss mening fortfarande, men brandbomber mot daghem och restauranger har aldrig n\u00e5gon &hellip; <a href=\"https:\/\/sven-ove.nu\/?p=5655\" class=\"more-link\">Forts\u00e4tt l\u00e4sa <span class=\"screen-reader-text\">Den kastade stenen \u00e4r en klassfr\u00e5ga<\/span><\/a><\/p>\n","protected":false},"author":1,"featured_media":0,"comment_status":"open","ping_status":"open","sticky":false,"template":"","format":"standard","meta":{"_crdt_document":"","_monsterinsights_skip_tracking":false,"_monsterinsights_sitenote_active":false,"_monsterinsights_sitenote_note":"","_monsterinsights_sitenote_category":0,"footnotes":""},"categories":[9],"tags":[16,14],"class_list":["post-5655","post","type-post","status-publish","format-standard","hentry","category-politik","tag-dumheter","tag-lasning"],"_links":{"self":[{"href":"https:\/\/sven-ove.nu\/index.php?rest_route=\/wp\/v2\/posts\/5655","targetHints":{"allow":["GET"]}}],"collection":[{"href":"https:\/\/sven-ove.nu\/index.php?rest_route=\/wp\/v2\/posts"}],"about":[{"href":"https:\/\/sven-ove.nu\/index.php?rest_route=\/wp\/v2\/types\/post"}],"author":[{"embeddable":true,"href":"https:\/\/sven-ove.nu\/index.php?rest_route=\/wp\/v2\/users\/1"}],"replies":[{"embeddable":true,"href":"https:\/\/sven-ove.nu\/index.php?rest_route=%2Fwp%2Fv2%2Fcomments&post=5655"}],"version-history":[{"count":12,"href":"https:\/\/sven-ove.nu\/index.php?rest_route=\/wp\/v2\/posts\/5655\/revisions"}],"predecessor-version":[{"id":5670,"href":"https:\/\/sven-ove.nu\/index.php?rest_route=\/wp\/v2\/posts\/5655\/revisions\/5670"}],"wp:attachment":[{"href":"https:\/\/sven-ove.nu\/index.php?rest_route=%2Fwp%2Fv2%2Fmedia&parent=5655"}],"wp:term":[{"taxonomy":"category","embeddable":true,"href":"https:\/\/sven-ove.nu\/index.php?rest_route=%2Fwp%2Fv2%2Fcategories&post=5655"},{"taxonomy":"post_tag","embeddable":true,"href":"https:\/\/sven-ove.nu\/index.php?rest_route=%2Fwp%2Fv2%2Ftags&post=5655"}],"curies":[{"name":"wp","href":"https:\/\/api.w.org\/{rel}","templated":true}]}}