{"id":5708,"date":"2013-05-31T03:00:07","date_gmt":"2013-05-31T02:00:07","guid":{"rendered":"http:\/\/sven-ove.nu\/?p=5708"},"modified":"2013-05-30T17:08:21","modified_gmt":"2013-05-30T16:08:21","slug":"den-enes-frihet","status":"publish","type":"post","link":"https:\/\/sven-ove.nu\/?p=5708","title":{"rendered":"Den enes frihet&#8230;"},"content":{"rendered":"<p>Frihet \u00e4r ett vackert ord. Men det beh\u00f6ver v\u00e4nner, annars blir det fel. Absolut frihet f\u00f6r den ene blir ofrihet f\u00f6r den andre.<\/p>\n<p>D\u00e5 blir det som n\u00e5gon skrev p\u00e5 Twitter f\u00f6r ett tag sedan:<\/p>\n<p><em>Vi f\u00e5r en allt mer oj\u00e4mlik skola. Hela detta marknadsexperiment bygger p\u00e5 att n\u00e5gra ska v\u00e4lja fel.<\/em><\/p>\n<p><strong><a href=\"https:\/\/sven-ove.nu\/wp-content\/uploads\/2013\/05\/Friskola.jpg\"><img loading=\"lazy\" decoding=\"async\" class=\"alignright size-medium wp-image-5709\" title=\"Friskola\" src=\"https:\/\/sven-ove.nu\/wp-content\/uploads\/2013\/05\/Friskola-277x300.jpg\" alt=\"\" width=\"277\" height=\"300\" srcset=\"https:\/\/sven-ove.nu\/wp-content\/uploads\/2013\/05\/Friskola-277x300.jpg 277w, https:\/\/sven-ove.nu\/wp-content\/uploads\/2013\/05\/Friskola.jpg 364w\" sizes=\"auto, (max-width: 277px) 100vw, 277px\" \/><\/a>D\u00e5 kom nyheten<br \/>\n<\/strong>Medan jag skrev texten kom nyheten som bara bekr\u00e4ftar ett annat av experimentets problem:<\/p>\n<p><a href=\"http:\/\/www.nwt.se\/karlstad\/article1317695.ece\">Danska \u00e4garna s\u00e4ljer John Bauergymnasiet<br \/>\n<\/a><a href=\"http:\/\/www.svd.se\/nyheter\/inrikes\/jb-koncernen-avvecklar-friskolor_8225038.svd\">JB-koncernen avvecklar friskolor<br \/>\n<\/a><a href=\"http:\/\/www.svt.se\/nyheter\/regionalt\/jonkopingsnytt\/hela-jb-gymnasiet-kan-stanga\">JB-gymnasiet l\u00e4gger ner<br \/>\n<\/a><a href=\"http:\/\/www.svt.se\/nyheter\/regionalt\/jonkopingsnytt\/jb-koncernen-lagger-ner-i-hela-landet\">Bekr\u00e4ftat: JB-koncernen l\u00e4gger ner i hela landet<br \/>\n<\/a><a href=\"http:\/\/www.aftonbladet.se\/ledare\/ledarkronika\/ingvarpersson\/article16875945.ab\">Det h\u00e4r \u00e4ndrar skoldebatten<\/a><\/p>\n<p>Alldeles f\u00f6r m\u00e5nga har valt alldeles v\u00e4ldigt fel.<\/p>\n","protected":false},"excerpt":{"rendered":"<p>Frihet \u00e4r ett vackert ord. Men det beh\u00f6ver v\u00e4nner, annars blir det fel. Absolut frihet f\u00f6r den ene blir ofrihet f\u00f6r den andre. D\u00e5 blir det som n\u00e5gon skrev p\u00e5 Twitter f\u00f6r ett tag sedan: Vi f\u00e5r en allt mer oj\u00e4mlik skola. Hela detta marknadsexperiment bygger p\u00e5 att n\u00e5gra ska v\u00e4lja fel. D\u00e5 kom nyheten &hellip; <a href=\"https:\/\/sven-ove.nu\/?p=5708\" class=\"more-link\">Forts\u00e4tt l\u00e4sa <span class=\"screen-reader-text\">Den enes frihet&#8230;<\/span><\/a><\/p>\n","protected":false},"author":1,"featured_media":0,"comment_status":"open","ping_status":"open","sticky":false,"template":"","format":"standard","meta":{"_crdt_document":"","_monsterinsights_skip_tracking":false,"_monsterinsights_sitenote_active":false,"_monsterinsights_sitenote_note":"","_monsterinsights_sitenote_category":0,"footnotes":""},"categories":[9],"tags":[16,18],"class_list":["post-5708","post","type-post","status-publish","format-standard","hentry","category-politik","tag-dumheter","tag-lardomar"],"_links":{"self":[{"href":"https:\/\/sven-ove.nu\/index.php?rest_route=\/wp\/v2\/posts\/5708","targetHints":{"allow":["GET"]}}],"collection":[{"href":"https:\/\/sven-ove.nu\/index.php?rest_route=\/wp\/v2\/posts"}],"about":[{"href":"https:\/\/sven-ove.nu\/index.php?rest_route=\/wp\/v2\/types\/post"}],"author":[{"embeddable":true,"href":"https:\/\/sven-ove.nu\/index.php?rest_route=\/wp\/v2\/users\/1"}],"replies":[{"embeddable":true,"href":"https:\/\/sven-ove.nu\/index.php?rest_route=%2Fwp%2Fv2%2Fcomments&post=5708"}],"version-history":[{"count":2,"href":"https:\/\/sven-ove.nu\/index.php?rest_route=\/wp\/v2\/posts\/5708\/revisions"}],"predecessor-version":[{"id":5711,"href":"https:\/\/sven-ove.nu\/index.php?rest_route=\/wp\/v2\/posts\/5708\/revisions\/5711"}],"wp:attachment":[{"href":"https:\/\/sven-ove.nu\/index.php?rest_route=%2Fwp%2Fv2%2Fmedia&parent=5708"}],"wp:term":[{"taxonomy":"category","embeddable":true,"href":"https:\/\/sven-ove.nu\/index.php?rest_route=%2Fwp%2Fv2%2Fcategories&post=5708"},{"taxonomy":"post_tag","embeddable":true,"href":"https:\/\/sven-ove.nu\/index.php?rest_route=%2Fwp%2Fv2%2Ftags&post=5708"}],"curies":[{"name":"wp","href":"https:\/\/api.w.org\/{rel}","templated":true}]}}