{"id":5737,"date":"2013-06-05T03:00:37","date_gmt":"2013-06-05T02:00:37","guid":{"rendered":"http:\/\/sven-ove.nu\/?p=5737"},"modified":"2013-06-03T18:48:08","modified_gmt":"2013-06-03T17:48:08","slug":"fast-i-tidskriftstrasket","status":"publish","type":"post","link":"https:\/\/sven-ove.nu\/?p=5737","title":{"rendered":"Fast i tidskriftstr\u00e4sket"},"content":{"rendered":"<p>Somliga har huvudet fullt av matrecept. Andra samlar p\u00e5 skivor i vinyl eller p\u00e5 cd. Sj\u00e4lv tycks jag ha fastnat i papperstidnings- och tidskriftstr\u00e4sket.<\/p>\n<p>En dag best\u00e4mmer jag mig f\u00f6r att f\u00f6rs\u00f6ka notera alla bra tidningar och tidskrifter som regelbundet landar i min brevl\u00e5da. Det \u00e4r n\u00e5gra stycken.<\/p>\n<p><strong><span style=\"text-decoration: underline;\">De som jag dreglar n\u00e4r de kommer<br \/>\n<\/span><\/strong><strong><a href=\"http:\/\/spraktidningen.se\">Spr\u00e5ktidningen<\/a>.<\/strong> En favorit, skriver om spr\u00e5k p\u00e5 de mest ov\u00e4ntade s\u00e4tt. L\u00e4rorik.<br \/>\n<strong><a href=\"http:\/\/www.fokus.se\">Fokus<\/a>. <\/strong>Svenskt nyhetsmagasin som f\u00e5r mig att h\u00e4nga med. De politiska<br \/>\nnyhetsreportagen d\u00e4r \u00e4r mest v\u00e4lskrivna i Sverige. Viktig fredagsritual. (Nej, de g\u00f6r inte <a href=\"https:\/\/sven-ove.nu\/wp-content\/uploads\/2013\/06\/Tidskrifter2.jpg\"><img loading=\"lazy\" decoding=\"async\" class=\"alignright size-medium wp-image-5743\" title=\"Tidskrifter\" src=\"https:\/\/sven-ove.nu\/wp-content\/uploads\/2013\/06\/Tidskrifter2-223x300.jpg\" alt=\"\" width=\"223\" height=\"300\" srcset=\"https:\/\/sven-ove.nu\/wp-content\/uploads\/2013\/06\/Tidskrifter2-223x300.jpg 223w, https:\/\/sven-ove.nu\/wp-content\/uploads\/2013\/06\/Tidskrifter2-763x1024.jpg 763w, https:\/\/sven-ove.nu\/wp-content\/uploads\/2013\/06\/Tidskrifter2.jpg 1515w\" sizes=\"auto, (max-width: 223px) 100vw, 223px\" \/><\/a>ofta exakt min analys av samh\u00e4llet, men de slutsatserna kan jag dra sj\u00e4lv).<br \/>\n<strong><a href=\"http:\/\/www.vi-tidningen.se\">Vi-tidningen<\/a>.<\/strong> Kultur, reportage, kr\u00f6nikor. Nyss skrev mina favoriter Ingemar Unge och Lars Westman i varje nummer. Numera \u00e4r de ganska pensionerade men en eftertr\u00e4dare h\u00e5ller p\u00e5 att kliva fram.<br \/>\n<strong><a href=\"http:\/\/www.naturskyddsforeningen.se\/sveriges-natur\">Sveriges Natur<\/a>. <\/strong>Nyligen omgjord tidskrift f\u00f6r Naturskyddsf\u00f6reningen. Allt fr\u00e5n extrema n\u00e4rbilder p\u00e5 humlor till arg skogspolitikkritik.<br \/>\n<strong><a href=\"http:\/\/www.runnersworld.se\">Runners World<\/a>. <\/strong>Inspirerande (svenskt) magasin f\u00f6r l\u00f6pare. T\u00e4nkte f\u00f6r lite p\u00e5 oss gl\u00e4djemotion\u00e4rer under n\u00e5gra \u00e5r men b\u00f6rjar ta sig \u00e4ven p\u00e5 den fronten.<\/p>\n<p><strong> <\/strong><\/p>\n<p><strong><span style=\"text-decoration: underline;\">K\u00e4mparna<br \/>\n<\/span><\/strong><strong><a href=\"http:\/\/foreningenbis.com\">Bis<\/a>.<\/strong> Stolt \u00f6verlevare fr\u00e5n 1969, organ f\u00f6r f\u00f6reningen Bibliotek i Samh\u00e4lle. L\u00e4s <a href=\"http:\/\/foreningenbis.files.wordpress.com\/2011\/01\/bis-1-2013_liten.pdf\">temanumret om censur<\/a>. En fungerande demokrati m\u00e5r b\u00e4ttre med bra folkbibliotek.<br \/>\n<strong><a href=\"http:\/\/www.heidruns.se\/1000\/1003.asp\">Heidruns Tidender<\/a>. <\/strong>Tidskrift f\u00f6r f\u00f6reningen Heidruns V\u00e4nner, ber\u00e4ttar om olika program vid Heidruns Bok- och Bildcaf\u00e9 i Fensbol och om f\u00f6rlaget Heidruns utgivning.<br \/>\n<strong><a href=\"http:\/\/www.varmlandsk-kultur.com\/index2.php\">V\u00e4rml\u00e4ndsk Kultur<\/a>. <\/strong>Temanummer om olika v\u00e4rml\u00e4ndska kulturer och kulturarbetare.<\/p>\n<p><strong> <\/strong><\/p>\n<p><strong><span style=\"text-decoration: underline;\">De som hj\u00e4lper mig i jobbet<br \/>\n<\/span><\/strong><strong>Journalisten. <\/strong>D\u00e4r f\u00f6ljer jag diskussionen om journalistik och media.<br \/>\n<strong>F\u00f6rfattaren. <\/strong>F\u00f6rfattarf\u00f6rbundets tidskrift.<br \/>\n<strong>Resum\u00e9. <\/strong>Skriver om marknadsf\u00f6ring och media.<br \/>\n<strong>Dagens Media. <\/strong>Dito.<br \/>\n<strong>Vision. <\/strong>Min fackf\u00f6reningstidning som offentliganst\u00e4lld informat\u00f6r.<br \/>\n<strong>Internetworld. <\/strong>Skriver om n\u00e4tet, inte minst e-handeln.<\/p>\n<p><strong> <\/strong><\/p>\n<p><strong> <\/strong><\/p>\n<p><strong><span style=\"text-decoration: underline;\">De som ger mig l\u00e4nsnyheterna<br \/>\n<\/span><\/strong><strong>NWT. <\/strong>L\u00e4ser jag i tj\u00e4nsten, bra lokala nyheter.<br \/>\n<strong>VF. <\/strong>L\u00e4ser jag av hj\u00e4rtat.<\/p>\n<p><strong> <\/strong><\/p>\n<p><strong><span style=\"text-decoration: underline;\">Annat\u2026<\/span><\/strong><strong><br \/>\n<\/strong>\u2026 kommer det ocks\u00e5 ibland, men dem tar vi en annan g\u00e5ng.<\/p>\n<p><a href=\"https:\/\/sven-ove.nu\/wp-content\/uploads\/2013\/06\/Tidskrifter3.jpg\"><img loading=\"lazy\" decoding=\"async\" class=\"alignleft size-thumbnail wp-image-5744\" title=\"Tidskrifter\" src=\"https:\/\/sven-ove.nu\/wp-content\/uploads\/2013\/06\/Tidskrifter3-150x150.jpg\" alt=\"\" width=\"150\" height=\"150\" \/><\/a>Nej, jag betalar inte f\u00f6r alla. Och visst h\u00e4nder det att jag dreglar \u00f6ver n\u00e5gon text eller bild i varenda en av dem, n\u00e5gon g\u00e5ng. Det jag saknar mest hos m\u00e5nga \u00e4r \u00f6verraskningen. Som l\u00e4sare vill jag bli f\u00f6rv\u00e5nad en g\u00e5ng per utg\u00e5va. L\u00e4tt att s\u00e4ga, sv\u00e5rt att g\u00f6ra. En del f\u00e5r jag via facket eller andra medlemsskap eller gratis f\u00f6r att jag skrivit mycket \u00e5t dem. Andra l\u00e4ser jag i tj\u00e4nsten. Min tid f\u00e5r de, allihop. D\u00e5 har jag inte n\u00e4mnt de jag bara l\u00e4ser p\u00e5 n\u00e4tet.<\/p>\n<p style=\"padding-left: 30px;\"><strong>Skryt? S\u00e5 \u00e4r det inte menat. Det \u00e4r inte konstigare att jag vill h\u00e4nga med i mitt jobb och mina intressen, \u00e4n att en f\u00e5gelsk\u00e5dare f\u00f6rs\u00f6ker vara ute med sin kikare n\u00e4r fj\u00e4llvr\u00e5ken v\u00e4nder norrut eller att en Stefan Sundstr\u00f6m-v\u00e4n fort vill h\u00f6ra nya skivan Under radarn.<\/strong><\/p>\n<p style=\"padding-left: 30px;\"><strong>Vi r\u00e5kar vara intresserade.<\/strong><\/p>\n<p><em>D\u00e5 och d\u00e5 brukar vi byta ut en del tidskrifter, eftersom jag och den k\u00e4ra v\u00e4nnen inte hinner l\u00e4sa allt vi skulle vilja. Ordfront Magasin och Vi L\u00e4ser \u00e4r tidskrifter vi byter till, vissa \u00e5r. Bra b\u00e5da tv\u00e5. <\/em><\/p>\n","protected":false},"excerpt":{"rendered":"<p>Somliga har huvudet fullt av matrecept. Andra samlar p\u00e5 skivor i vinyl eller p\u00e5 cd. Sj\u00e4lv tycks jag ha fastnat i papperstidnings- och tidskriftstr\u00e4sket. En dag best\u00e4mmer jag mig f\u00f6r att f\u00f6rs\u00f6ka notera alla bra tidningar och tidskrifter som regelbundet landar i min brevl\u00e5da. Det \u00e4r n\u00e5gra stycken. De som jag dreglar n\u00e4r de kommer &hellip; <a href=\"https:\/\/sven-ove.nu\/?p=5737\" class=\"more-link\">Forts\u00e4tt l\u00e4sa <span class=\"screen-reader-text\">Fast i tidskriftstr\u00e4sket<\/span><\/a><\/p>\n","protected":false},"author":1,"featured_media":0,"comment_status":"open","ping_status":"open","sticky":false,"template":"","format":"standard","meta":{"_crdt_document":"","_monsterinsights_skip_tracking":false,"_monsterinsights_sitenote_active":false,"_monsterinsights_sitenote_note":"","_monsterinsights_sitenote_category":0,"footnotes":""},"categories":[10],"tags":[14,15],"class_list":["post-5737","post","type-post","status-publish","format-standard","hentry","category-familjen","tag-lasning","tag-mediedjungeln"],"_links":{"self":[{"href":"https:\/\/sven-ove.nu\/index.php?rest_route=\/wp\/v2\/posts\/5737","targetHints":{"allow":["GET"]}}],"collection":[{"href":"https:\/\/sven-ove.nu\/index.php?rest_route=\/wp\/v2\/posts"}],"about":[{"href":"https:\/\/sven-ove.nu\/index.php?rest_route=\/wp\/v2\/types\/post"}],"author":[{"embeddable":true,"href":"https:\/\/sven-ove.nu\/index.php?rest_route=\/wp\/v2\/users\/1"}],"replies":[{"embeddable":true,"href":"https:\/\/sven-ove.nu\/index.php?rest_route=%2Fwp%2Fv2%2Fcomments&post=5737"}],"version-history":[{"count":7,"href":"https:\/\/sven-ove.nu\/index.php?rest_route=\/wp\/v2\/posts\/5737\/revisions"}],"predecessor-version":[{"id":5753,"href":"https:\/\/sven-ove.nu\/index.php?rest_route=\/wp\/v2\/posts\/5737\/revisions\/5753"}],"wp:attachment":[{"href":"https:\/\/sven-ove.nu\/index.php?rest_route=%2Fwp%2Fv2%2Fmedia&parent=5737"}],"wp:term":[{"taxonomy":"category","embeddable":true,"href":"https:\/\/sven-ove.nu\/index.php?rest_route=%2Fwp%2Fv2%2Fcategories&post=5737"},{"taxonomy":"post_tag","embeddable":true,"href":"https:\/\/sven-ove.nu\/index.php?rest_route=%2Fwp%2Fv2%2Ftags&post=5737"}],"curies":[{"name":"wp","href":"https:\/\/api.w.org\/{rel}","templated":true}]}}