{"id":5758,"date":"2013-06-06T03:00:30","date_gmt":"2013-06-06T02:00:30","guid":{"rendered":"http:\/\/sven-ove.nu\/?p=5758"},"modified":"2013-06-05T23:12:13","modified_gmt":"2013-06-05T22:12:13","slug":"aldrig-att-jag-flyttar-till-en-stad","status":"publish","type":"post","link":"https:\/\/sven-ove.nu\/?p=5758","title":{"rendered":"&#8221;Aldrig att jag flyttar till en stad&#8221;"},"content":{"rendered":"<p>H\u00e4r \u00e4r ett f\u00f6rs\u00f6k att ber\u00e4tta hur jag t\u00e4nkte som barn. Det handlar om stadsborna som vi tyckte var s\u00e5 of\u00f6retagsamma att barnen fick lov att ha s\u00e4rskilda tillr\u00e4ttalagda &#8221;lekparker&#8221; (skojigt ord) och &#8221;fritidsledare&#8221; (skojigt ord). Till och med duvorna d\u00e4r fick lov att matas av s\u00e4rskilt utsedda \u00e4ldre.<\/p>\n<p>Texten jag l\u00e4nkar till \u00e4r min senaste kr\u00f6nika p\u00e5 tankesmedjanida.se. Misst\u00e4nker att det kommer en forts\u00e4ttning, f\u00f6r jag hamnade ju i stora st\u00e4der \u00e4ven jag. Med viss f\u00f6rv\u00e5nad gl\u00e4dje.<\/p>\n<p><a href=\"http:\/\/tankesmedjanida.se\/?chronicle=aldrig-att-jag-flyttar-till-en-stad\" target=\"_blank\">&#8221;Aldrig att jag flyttar till en stad&#8221;<\/a>.<\/p>\n<p><a href=\"https:\/\/sven-ove.nu\/wp-content\/uploads\/2013\/06\/Rulltrappa.jpg\"><img loading=\"lazy\" decoding=\"async\" class=\"alignleft size-full wp-image-5759\" title=\"Rulltrappa\" src=\"https:\/\/sven-ove.nu\/wp-content\/uploads\/2013\/06\/Rulltrappa.jpg\" alt=\"\" width=\"300\" height=\"213\" \/><\/a><\/p>\n<p>&nbsp;<\/p>\n<p>&nbsp;<\/p>\n<p>&nbsp;<\/p>\n<p>&nbsp;<\/p>\n<p>&nbsp;<\/p>\n<p>&nbsp;<\/p>\n","protected":false},"excerpt":{"rendered":"<p>H\u00e4r \u00e4r ett f\u00f6rs\u00f6k att ber\u00e4tta hur jag t\u00e4nkte som barn. Det handlar om stadsborna som vi tyckte var s\u00e5 of\u00f6retagsamma att barnen fick lov att ha s\u00e4rskilda tillr\u00e4ttalagda &#8221;lekparker&#8221; (skojigt ord) och &#8221;fritidsledare&#8221; (skojigt ord). Till och med duvorna d\u00e4r fick lov att matas av s\u00e4rskilt utsedda \u00e4ldre. Texten jag l\u00e4nkar till \u00e4r min &hellip; <a href=\"https:\/\/sven-ove.nu\/?p=5758\" class=\"more-link\">Forts\u00e4tt l\u00e4sa <span class=\"screen-reader-text\">&#8221;Aldrig att jag flyttar till en stad&#8221;<\/span><\/a><\/p>\n","protected":false},"author":1,"featured_media":0,"comment_status":"open","ping_status":"open","sticky":false,"template":"","format":"standard","meta":{"_crdt_document":"","_monsterinsights_skip_tracking":false,"_monsterinsights_sitenote_active":false,"_monsterinsights_sitenote_note":"","_monsterinsights_sitenote_category":0,"footnotes":""},"categories":[10],"tags":[8],"class_list":["post-5758","post","type-post","status-publish","format-standard","hentry","category-familjen","tag-historia"],"_links":{"self":[{"href":"https:\/\/sven-ove.nu\/index.php?rest_route=\/wp\/v2\/posts\/5758","targetHints":{"allow":["GET"]}}],"collection":[{"href":"https:\/\/sven-ove.nu\/index.php?rest_route=\/wp\/v2\/posts"}],"about":[{"href":"https:\/\/sven-ove.nu\/index.php?rest_route=\/wp\/v2\/types\/post"}],"author":[{"embeddable":true,"href":"https:\/\/sven-ove.nu\/index.php?rest_route=\/wp\/v2\/users\/1"}],"replies":[{"embeddable":true,"href":"https:\/\/sven-ove.nu\/index.php?rest_route=%2Fwp%2Fv2%2Fcomments&post=5758"}],"version-history":[{"count":3,"href":"https:\/\/sven-ove.nu\/index.php?rest_route=\/wp\/v2\/posts\/5758\/revisions"}],"predecessor-version":[{"id":5762,"href":"https:\/\/sven-ove.nu\/index.php?rest_route=\/wp\/v2\/posts\/5758\/revisions\/5762"}],"wp:attachment":[{"href":"https:\/\/sven-ove.nu\/index.php?rest_route=%2Fwp%2Fv2%2Fmedia&parent=5758"}],"wp:term":[{"taxonomy":"category","embeddable":true,"href":"https:\/\/sven-ove.nu\/index.php?rest_route=%2Fwp%2Fv2%2Fcategories&post=5758"},{"taxonomy":"post_tag","embeddable":true,"href":"https:\/\/sven-ove.nu\/index.php?rest_route=%2Fwp%2Fv2%2Ftags&post=5758"}],"curies":[{"name":"wp","href":"https:\/\/api.w.org\/{rel}","templated":true}]}}