{"id":5795,"date":"2013-06-08T03:00:23","date_gmt":"2013-06-08T02:00:23","guid":{"rendered":"http:\/\/sven-ove.nu\/?p=5795"},"modified":"2013-06-08T08:48:59","modified_gmt":"2013-06-08T07:48:59","slug":"ljuvlig-fest-och-en-som-fattas-oss","status":"publish","type":"post","link":"https:\/\/sven-ove.nu\/?p=5795","title":{"rendered":"Ljuvlig fest och en som fattas oss"},"content":{"rendered":"<p>Vi far inte till hembygdsg\u00e5rden den 6 juni som vi brukar. Det blir\u00a0<strong>Forsn\u00e4s<\/strong> i Alsters socken i st\u00e4llet. H\u00e4r har sj\u00f6n Gapern sitt utlopp och h\u00e4r l\u00e5g ett j\u00e4rnbruk under \u00e5ren 1628-1865. St\u00e5ngj\u00e4rnssmedja, klensmedja, kolhus, tullkvarn och en husbehovss\u00e5g. I dag finns bara s\u00e5gen kvar och grundmurarna efter kvarnen.<\/p>\n<p>Bara? Jag tycker det \u00e4r sp\u00e4nnande att s\u00e5gbyggnaden fr\u00e5n 1818 \u00e4r bevarad och att det dessutom fortfarande g\u00e5r att k\u00f6ra rams\u00e5gen d\u00e4r. Varje \u00e5r firar de <strong>S\u00e5gens dag<\/strong>, det \u00e4r den vi har f\u00e5tt nys om. Nu l\u00e4ser jag p\u00e5 anslaget p\u00e5 v\u00e4ggen:<\/p>\n<p style=\"padding-left: 30px;\"><em>\u201dVattendrivna s\u00e5gar fanns f\u00f6rr p\u00e5 m\u00e5nga h\u00e5ll i socknarna. De utnyttjades fr\u00e4mst under h\u00f6st och v\u00e5r d\u00e5 vattentillg\u00e5ngen var god. Den \u00e4ldsta k\u00e4nda s\u00e5gen vid Forsn\u00e4s leder sina traditioner tillbaka till 1600-talet. Hit kom folk fr\u00e5n norra delen av Alsters socken med h\u00e4st och vagn f\u00f6r att f\u00e5 sitt timmer s\u00e5gat. Nuvarande s\u00e5gbyggnad \u00e4r sannolikt uppf\u00f6rd 1818. Rams\u00e5gen kompletterades p\u00e5 1920-talet med kantb\u00e4nk och stickhyvel. B\u00e5de s\u00e5g och kvarn sk\u00f6ttes av mj\u00f6lnaren. Verksamheten lades ned 1931 i och med att den siste mj\u00f6lnaren dog.\u201d<\/em><\/p>\n<p>Nu \u00e4r det hembygdsf\u00f6reningen i Alster som \u00e4ger s\u00e5gen och arrangerar den lilla ljuvliga sommarfesten. Vi lyssnar till dragspel, gitarr, fiol och nyckelharpa och h\u00f6r s\u00e5 sm\u00e5ningom s\u00e5gen dra ig\u00e5ng, n\u00e4r vattnet sl\u00e4pps p\u00e5. H\u00f6r? Nja, det \u00e4r si och s\u00e5 med det, innan vi kliver in i sj\u00e4lva byggnaden. \u00a0Om du tror att en vattendriven rams\u00e5g h\u00f6rdes l\u00e5ng v\u00e4g, likt en st\u00e5ngj\u00e4rnshammare, s\u00e5 tror du fel.<\/p>\n<p><strong>Han fattas oss<br \/>\n<\/strong>L\u00e5ngsamt men metodiskt gnager s\u00e5gbladen sig genom granstocken. Upp och ner far de, vattnet driver p\u00e5 och nyfikna \u00f6gon ser tr\u00e4mekaniken fungera alldeles utm\u00e4rkt.<\/p>\n<p>Vi solar, dricker kaffe med nationaldagsbakelse och sj\u00e4lv minns jag han som brukade bes\u00f6ka det h\u00e4r arrangemanget och alltid ber\u00e4ttade hur gemytligt det var. Han som blev s\u00e5gverksarbetare och \u00e4ven fick mig att arbeta som det n\u00e5gra \u00e5r. Han fattas oss, i dag fattas han oss s\u00e4rskilt mycket.<\/p>\n<p>Jag tar n\u00e5gra enkla bilder med mobilkameran i milj\u00f6n pappa \u00e4lskade.<br \/>\nDe \u00e4r tagna med k\u00e4rlek.<\/p>\n<p>&nbsp;<\/p>\n<p><a href=\"https:\/\/sven-ove.nu\/wp-content\/uploads\/2013\/06\/Forsen1.jpg\"><img loading=\"lazy\" decoding=\"async\" class=\"size-medium wp-image-5827 alignleft\" title=\"Forsen\" src=\"https:\/\/sven-ove.nu\/wp-content\/uploads\/2013\/06\/Forsen1-179x300.jpg\" alt=\"\" width=\"179\" height=\"300\" srcset=\"https:\/\/sven-ove.nu\/wp-content\/uploads\/2013\/06\/Forsen1-179x300.jpg 179w, https:\/\/sven-ove.nu\/wp-content\/uploads\/2013\/06\/Forsen1-613x1024.jpg 613w, https:\/\/sven-ove.nu\/wp-content\/uploads\/2013\/06\/Forsen1.jpg 1552w\" sizes=\"auto, (max-width: 179px) 100vw, 179px\" \/><\/a><a href=\"https:\/\/sven-ove.nu\/wp-content\/uploads\/2013\/06\/S\u00e5gbyggnaden1.jpg\"><img loading=\"lazy\" decoding=\"async\" class=\"size-medium wp-image-5828 alignleft\" title=\"S\u00e5gbyggnaden\" src=\"https:\/\/sven-ove.nu\/wp-content\/uploads\/2013\/06\/S\u00e5gbyggnaden1-300x179.jpg\" alt=\"\" width=\"300\" height=\"179\" srcset=\"https:\/\/sven-ove.nu\/wp-content\/uploads\/2013\/06\/S\u00e5gbyggnaden1-300x179.jpg 300w, https:\/\/sven-ove.nu\/wp-content\/uploads\/2013\/06\/S\u00e5gbyggnaden1-1024x613.jpg 1024w\" sizes=\"auto, (max-width: 300px) 100vw, 300px\" \/><\/a><\/p>\n<p>&nbsp;<\/p>\n<p>&nbsp;<\/p>\n<p>&nbsp;<\/p>\n<p>&nbsp;<\/p>\n<p><a href=\"https:\/\/sven-ove.nu\/wp-content\/uploads\/2013\/06\/Vattenr\u00e4nnan3.jpg\"><img loading=\"lazy\" decoding=\"async\" class=\"size-thumbnail wp-image-5836 alignleft\" title=\"Vattenr\u00e4nnan\" src=\"https:\/\/sven-ove.nu\/wp-content\/uploads\/2013\/06\/Vattenr\u00e4nnan3-150x150.jpg\" alt=\"\" width=\"150\" height=\"150\" \/><\/a><\/p>\n<p><a href=\"https:\/\/sven-ove.nu\/wp-content\/uploads\/2013\/06\/S\u00e5gen-i-Forsn\u00e4s2.jpg\"><img loading=\"lazy\" decoding=\"async\" class=\"alignleft size-large wp-image-5829\" title=\"S\u00e5gen i Forsn\u00e4s\" src=\"https:\/\/sven-ove.nu\/wp-content\/uploads\/2013\/06\/S\u00e5gen-i-Forsn\u00e4s2-613x1024.jpg\" alt=\"\" width=\"613\" height=\"1024\" srcset=\"https:\/\/sven-ove.nu\/wp-content\/uploads\/2013\/06\/S\u00e5gen-i-Forsn\u00e4s2-613x1024.jpg 613w, https:\/\/sven-ove.nu\/wp-content\/uploads\/2013\/06\/S\u00e5gen-i-Forsn\u00e4s2-179x300.jpg 179w, https:\/\/sven-ove.nu\/wp-content\/uploads\/2013\/06\/S\u00e5gen-i-Forsn\u00e4s2.jpg 1552w\" sizes=\"auto, (max-width: 613px) 100vw, 613px\" \/><\/a><\/p>\n<p><a href=\"https:\/\/sven-ove.nu\/wp-content\/uploads\/2013\/06\/Nationaldagsbakelse3.jpg\"><img loading=\"lazy\" decoding=\"async\" class=\"alignleft size-medium wp-image-5834\" title=\"Nationaldagsbakelse\" src=\"https:\/\/sven-ove.nu\/wp-content\/uploads\/2013\/06\/Nationaldagsbakelse3-300x179.jpg\" alt=\"\" width=\"300\" height=\"179\" srcset=\"https:\/\/sven-ove.nu\/wp-content\/uploads\/2013\/06\/Nationaldagsbakelse3-300x179.jpg 300w, https:\/\/sven-ove.nu\/wp-content\/uploads\/2013\/06\/Nationaldagsbakelse3-1024x613.jpg 1024w\" sizes=\"auto, (max-width: 300px) 100vw, 300px\" \/><\/a><\/p>\n<p>&nbsp;<\/p>\n<p>&nbsp;<\/p>\n<p>&nbsp;<\/p>\n<p>&nbsp;<\/p>\n<p>&nbsp;<\/p>\n<p>&nbsp;<\/p>\n<p>&nbsp;<\/p>\n<p>&nbsp;<\/p>\n<p>&nbsp;<\/p>\n","protected":false},"excerpt":{"rendered":"<p>Vi far inte till hembygdsg\u00e5rden den 6 juni som vi brukar. Det blir\u00a0Forsn\u00e4s i Alsters socken i st\u00e4llet. H\u00e4r har sj\u00f6n Gapern sitt utlopp och h\u00e4r l\u00e5g ett j\u00e4rnbruk under \u00e5ren 1628-1865. St\u00e5ngj\u00e4rnssmedja, klensmedja, kolhus, tullkvarn och en husbehovss\u00e5g. I dag finns bara s\u00e5gen kvar och grundmurarna efter kvarnen. Bara? Jag tycker det \u00e4r sp\u00e4nnande &hellip; <a href=\"https:\/\/sven-ove.nu\/?p=5795\" class=\"more-link\">Forts\u00e4tt l\u00e4sa <span class=\"screen-reader-text\">Ljuvlig fest och en som fattas oss<\/span><\/a><\/p>\n","protected":false},"author":1,"featured_media":0,"comment_status":"open","ping_status":"open","sticky":false,"template":"","format":"standard","meta":{"_crdt_document":"","_monsterinsights_skip_tracking":false,"_monsterinsights_sitenote_active":false,"_monsterinsights_sitenote_note":"","_monsterinsights_sitenote_category":0,"footnotes":""},"categories":[10],"tags":[3,8,24,13],"class_list":["post-5795","post","type-post","status-publish","format-standard","hentry","category-familjen","tag-arbete","tag-historia","tag-karlek","tag-utrustning"],"_links":{"self":[{"href":"https:\/\/sven-ove.nu\/index.php?rest_route=\/wp\/v2\/posts\/5795","targetHints":{"allow":["GET"]}}],"collection":[{"href":"https:\/\/sven-ove.nu\/index.php?rest_route=\/wp\/v2\/posts"}],"about":[{"href":"https:\/\/sven-ove.nu\/index.php?rest_route=\/wp\/v2\/types\/post"}],"author":[{"embeddable":true,"href":"https:\/\/sven-ove.nu\/index.php?rest_route=\/wp\/v2\/users\/1"}],"replies":[{"embeddable":true,"href":"https:\/\/sven-ove.nu\/index.php?rest_route=%2Fwp%2Fv2%2Fcomments&post=5795"}],"version-history":[{"count":39,"href":"https:\/\/sven-ove.nu\/index.php?rest_route=\/wp\/v2\/posts\/5795\/revisions"}],"predecessor-version":[{"id":5850,"href":"https:\/\/sven-ove.nu\/index.php?rest_route=\/wp\/v2\/posts\/5795\/revisions\/5850"}],"wp:attachment":[{"href":"https:\/\/sven-ove.nu\/index.php?rest_route=%2Fwp%2Fv2%2Fmedia&parent=5795"}],"wp:term":[{"taxonomy":"category","embeddable":true,"href":"https:\/\/sven-ove.nu\/index.php?rest_route=%2Fwp%2Fv2%2Fcategories&post=5795"},{"taxonomy":"post_tag","embeddable":true,"href":"https:\/\/sven-ove.nu\/index.php?rest_route=%2Fwp%2Fv2%2Ftags&post=5795"}],"curies":[{"name":"wp","href":"https:\/\/api.w.org\/{rel}","templated":true}]}}