{"id":5871,"date":"2013-06-10T03:00:41","date_gmt":"2013-06-10T02:00:41","guid":{"rendered":"http:\/\/sven-ove.nu\/?p=5871"},"modified":"2013-06-08T16:30:19","modified_gmt":"2013-06-08T15:30:19","slug":"sluta-fjaska","status":"publish","type":"post","link":"https:\/\/sven-ove.nu\/?p=5871","title":{"rendered":"Sluta fj\u00e4ska"},"content":{"rendered":"<p>N\u00e4r jag s\u00f6kte till journalisth\u00f6gskolan var det intr\u00e4desprov. I andra omg\u00e5ngen blev jag intervjuad av en journalist och en psykolog. \u201dDet \u00e4r f\u00f6r mycket skriverier om (s\u00e5ngerskan) Anita Lindbloms och (boxaren) Bosse H\u00f6gbergs aff\u00e4rer\u201d deklarerade jag sj\u00e4lvs\u00e4kert.<\/p>\n<p>Men kom in.<\/p>\n<p>Vad skulle unge Svensson ha sagt i dag, med allt kungafj\u00e4sk, inte bara i kv\u00e4llstidningarna? Tror jag vet vad han skulle ha sagt. Han tycker lika i dag.<\/p>\n<p>Skriv om folks vardag och fest. Folkets. Skratta underifr\u00e5n \u00e5t \u00f6verheten. Sluta krypa.<\/p>\n<p>&nbsp;<\/p>\n<p><a href=\"https:\/\/sven-ove.nu\/wp-content\/uploads\/2013\/06\/aftonbladet.se-8-juni-13.png\"><img loading=\"lazy\" decoding=\"async\" class=\"alignleft size-medium wp-image-5872\" title=\"aftonbladet.se 8 juni 13\" src=\"https:\/\/sven-ove.nu\/wp-content\/uploads\/2013\/06\/aftonbladet.se-8-juni-13-300x207.png\" alt=\"\" width=\"300\" height=\"207\" srcset=\"https:\/\/sven-ove.nu\/wp-content\/uploads\/2013\/06\/aftonbladet.se-8-juni-13-300x207.png 300w, https:\/\/sven-ove.nu\/wp-content\/uploads\/2013\/06\/aftonbladet.se-8-juni-13.png 803w\" sizes=\"auto, (max-width: 300px) 100vw, 300px\" \/><\/a><\/p>\n<p>&nbsp;<\/p>\n<p>&nbsp;<\/p>\n<p>&nbsp;<\/p>\n<p>&nbsp;<\/p>\n<p>&nbsp;<\/p>\n<p><a href=\"https:\/\/sven-ove.nu\/wp-content\/uploads\/2013\/06\/aftonbladet.se-8-juni-2013.png\"><img loading=\"lazy\" decoding=\"async\" class=\"alignleft size-medium wp-image-5878\" title=\"aftonbladet.se 8 juni 2013\" src=\"https:\/\/sven-ove.nu\/wp-content\/uploads\/2013\/06\/aftonbladet.se-8-juni-2013-300x135.png\" alt=\"\" width=\"300\" height=\"135\" srcset=\"https:\/\/sven-ove.nu\/wp-content\/uploads\/2013\/06\/aftonbladet.se-8-juni-2013-300x135.png 300w, https:\/\/sven-ove.nu\/wp-content\/uploads\/2013\/06\/aftonbladet.se-8-juni-2013.png 862w\" sizes=\"auto, (max-width: 300px) 100vw, 300px\" \/><\/a><\/p>\n<p>&nbsp;<\/p>\n<p>&nbsp;<\/p>\n<p>&nbsp;<\/p>\n<p>&nbsp;<\/p>\n<p><em>Den som <span style=\"text-decoration: underline;\">inte<\/span> vill veta hur l\u00e5ngt svensk journalistik kommit i juni 2013 b\u00f6r <span style=\"text-decoration: underline;\">inte<\/span> klicka p\u00e5 den nedre bilden.<\/em><\/p>\n<p>&nbsp;<\/p>\n","protected":false},"excerpt":{"rendered":"<p>N\u00e4r jag s\u00f6kte till journalisth\u00f6gskolan var det intr\u00e4desprov. I andra omg\u00e5ngen blev jag intervjuad av en journalist och en psykolog. \u201dDet \u00e4r f\u00f6r mycket skriverier om (s\u00e5ngerskan) Anita Lindbloms och (boxaren) Bosse H\u00f6gbergs aff\u00e4rer\u201d deklarerade jag sj\u00e4lvs\u00e4kert. Men kom in. Vad skulle unge Svensson ha sagt i dag, med allt kungafj\u00e4sk, inte bara i kv\u00e4llstidningarna? &hellip; <a href=\"https:\/\/sven-ove.nu\/?p=5871\" class=\"more-link\">Forts\u00e4tt l\u00e4sa <span class=\"screen-reader-text\">Sluta fj\u00e4ska<\/span><\/a><\/p>\n","protected":false},"author":1,"featured_media":0,"comment_status":"open","ping_status":"open","sticky":false,"template":"","format":"standard","meta":{"_crdt_document":"","_monsterinsights_skip_tracking":false,"_monsterinsights_sitenote_active":false,"_monsterinsights_sitenote_note":"","_monsterinsights_sitenote_category":0,"footnotes":""},"categories":[4],"tags":[16,15],"class_list":["post-5871","post","type-post","status-publish","format-standard","hentry","category-skrivande","tag-dumheter","tag-mediedjungeln"],"_links":{"self":[{"href":"https:\/\/sven-ove.nu\/index.php?rest_route=\/wp\/v2\/posts\/5871","targetHints":{"allow":["GET"]}}],"collection":[{"href":"https:\/\/sven-ove.nu\/index.php?rest_route=\/wp\/v2\/posts"}],"about":[{"href":"https:\/\/sven-ove.nu\/index.php?rest_route=\/wp\/v2\/types\/post"}],"author":[{"embeddable":true,"href":"https:\/\/sven-ove.nu\/index.php?rest_route=\/wp\/v2\/users\/1"}],"replies":[{"embeddable":true,"href":"https:\/\/sven-ove.nu\/index.php?rest_route=%2Fwp%2Fv2%2Fcomments&post=5871"}],"version-history":[{"count":12,"href":"https:\/\/sven-ove.nu\/index.php?rest_route=\/wp\/v2\/posts\/5871\/revisions"}],"predecessor-version":[{"id":5885,"href":"https:\/\/sven-ove.nu\/index.php?rest_route=\/wp\/v2\/posts\/5871\/revisions\/5885"}],"wp:attachment":[{"href":"https:\/\/sven-ove.nu\/index.php?rest_route=%2Fwp%2Fv2%2Fmedia&parent=5871"}],"wp:term":[{"taxonomy":"category","embeddable":true,"href":"https:\/\/sven-ove.nu\/index.php?rest_route=%2Fwp%2Fv2%2Fcategories&post=5871"},{"taxonomy":"post_tag","embeddable":true,"href":"https:\/\/sven-ove.nu\/index.php?rest_route=%2Fwp%2Fv2%2Ftags&post=5871"}],"curies":[{"name":"wp","href":"https:\/\/api.w.org\/{rel}","templated":true}]}}