{"id":5915,"date":"2013-06-14T03:00:08","date_gmt":"2013-06-14T02:00:08","guid":{"rendered":"http:\/\/sven-ove.nu\/?p=5915"},"modified":"2013-06-14T05:51:01","modified_gmt":"2013-06-14T04:51:01","slug":"mote-med-en-knarksparv","status":"publish","type":"post","link":"https:\/\/sven-ove.nu\/?p=5915","title":{"rendered":"M\u00f6te med en knarksparv"},"content":{"rendered":"<p>\u00c4r jag amat\u00f6r som l\u00f6pare s\u00e5 \u00e4r jag det \u00e4nnu mer som f\u00e5gelsk\u00e5dare. Skillnaden \u00e4r m\u00f6jligen att som ornitolog blir jag l\u00e5ngsamt b\u00e4ttre. Nu har jag dessutom f\u00e5tt bekr\u00e4ftat vad jag \u00e4r f\u00f6r sort: nattsk\u00e5dare. Det kunde den h\u00e4r nattugglan ha r\u00e4knat ut f\u00f6r l\u00e4nge sedan.<\/p>\n<p>Dagen efter att jag h\u00e4lsat p\u00e5 nattsk\u00e4rran p\u00e5 Brattforsheden igen skrev min facebookv\u00e4n Uno Larsson om en annan nattlig f\u00e5gel. <strong>Kornknarren<\/strong>. Den h\u00f6rde han ofta en g\u00e5ng i tiden, men det var l\u00e4nge sedan. Hon finns v\u00e4l knappast kvar.<\/p>\n<p>Nej, det \u00e4r si och s\u00e5 med den saken, sedan vallodlarna b\u00f6rjade sl\u00e5 sina vallar flera g\u00e5nger och dessutom tidigare \u00e4n f\u00f6rr. Men jag \u00e4r ju h\u00e4ngiven googlare ocks\u00e5. Efter en stunds letande hittar jag f\u00e5geln i en f\u00e4rsk f\u00e5gelsk\u00e5darrapport p\u00e5 n\u00e4tet. Bland de f\u00e5 kornknarrar som finns kvar i V\u00e4rmland har n\u00e5gra faktiskt h\u00f6rts i b\u00e5de Unos och mina trakter h\u00e4rom natten. D\u00e5 finns bara en sak att g\u00f6ra.<\/p>\n<p><strong>Letar en timme utan resultat<\/strong><br \/>\nI sena onsdagskv\u00e4llningen ger jag mig ut. Den geografiska beskrivningen var kortfattad, bara ett ortnamn, men jag har l\u00e4st p\u00e5 om var kornknarren trivs och travar iv\u00e4g p\u00e5 en strapatsrik promenad \u00f6ver vildvuxna arealer. En hel timme smyger jag omkring brand br\u00e4nn\u00e4sslor och annat vilt, p\u00e5 v\u00e4g mot Klar\u00e4lven. En r\u00e5bock kliver f\u00f6rbi, morkullan k\u00f6r skytteltrafik \u00f6ver mitt huvud, en g\u00f6k gal hela tiden och snart h\u00f6r jag f\u00e5r som br\u00e4ker.<\/p>\n<p>Ingen kornknarr.<\/p>\n<p><strong>Kan kan nog mycket han<br \/>\n<\/strong>D\u00e5 g\u00e5r jag lika strapatsfullt tillbaka till bilen, k\u00f6r en liten str\u00e4cka, parkerar l\u00e4ngs en grusv\u00e4g. Nej, d\u00e4r ser jag bara en annan f\u00e5gelsk\u00e5dare p\u00e5 l\u00e5ngt h\u00e5ll, kanske \u00e4r det han som skrev rapporten? Han kan nog m\u00e5nga arter han, dagf\u00e5glar ocks\u00e5, kan t\u00e4nka.<\/p>\n<p>Jag kliver in i bilen igen, far en kilometer l\u00e4ngre bort, parkerar i den ljusa juninatten och smyger ut p\u00e5 en grusv\u00e4g igen. Natten \u00e4r f\u00f6rresten inte lika ljus l\u00e4ngre i duggregnet.<\/p>\n<p style=\"padding-left: 30px;\"><strong>D\u00e5 \u2013 h\u00f6r jag honom. Hj\u00e4rtat sl\u00e5r n\u00e5gra extraslag av gl\u00e4dje. Hurra! \u00c4n en g\u00e5ng ett nytt f\u00e5gell\u00e4te f\u00f6r f\u00f6rsta g\u00e5ngen i livet. Crex crex l\u00e5ter det, som om du drar ett blixtl\u00e5s upp och ner, fast m\u00f6rkare, knarrigare. Crex crex, han heter s\u00e5 p\u00e5 latin. Sakta g\u00e5r jag mot ljudet, han knarrar igen, jag smyger, han knarrar. <em>Knarksparven<\/em> kallade somliga honom f\u00f6rr.<\/strong><\/p>\n<p>Min kornknarr verkar ha ett s\u00e4kerhetsavst\u00e5nd p\u00e5 50 meter. Det kan jag leva med, lycklig som jag \u00e4r \u00f6ver att ha h\u00f6rt honom. Kommer jag f\u00f6r n\u00e4ra tystnar han, g\u00e5r jag bak\u00e5t b\u00f6rjar han igen. N\u00e4r jag kommer hem m\u00e4ter jag p\u00e5 kartan. Tv\u00e5 kilometer och 750 meter hemifr\u00e5n har jag en spelande kornknarr i en oslagen vall. T\u00e4nk om han har h\u00e5llit till d\u00e4r i m\u00e5nga \u00e5r, utan att jag haft en aning om det?<\/p>\n<p>Gl\u00e4djestr\u00e5lande v\u00e4cker jag den k\u00e4ra v\u00e4nnen och ber\u00e4ttar. Hon blir glad f\u00f6r min skull. Sedan dr\u00f6jer det en l\u00e5ng stund innan jag somnar. Jag har tr\u00e4ffat en knarksparv.<\/p>\n<p style=\"padding-left: 30px;\"><em>L\u00e4nk: P2-f\u00e5geln: <a href=\"http:\/\/sverigesradio.se\/sida\/artikel.aspx?programid=3275&amp;artikel=2776318\">Kornknarr<\/a> (\u00e4ven l\u00e4tet).<\/em><\/p>\n<p style=\"padding-left: 30px;\"><em><br \/>\n<\/em><\/p>\n<p style=\"padding-left: 30px;\"><em><a href=\"https:\/\/sven-ove.nu\/wp-content\/uploads\/2013\/06\/Kornknarr-p\u00e5-Jordbruksverkets-sajt.png\"><img loading=\"lazy\" decoding=\"async\" class=\"alignleft size-medium wp-image-5916\" title=\"Kornknarr p\u00e5 Jordbruksverkets sajt\" src=\"https:\/\/sven-ove.nu\/wp-content\/uploads\/2013\/06\/Kornknarr-p\u00e5-Jordbruksverkets-sajt-300x273.png\" alt=\"\" width=\"300\" height=\"273\" srcset=\"https:\/\/sven-ove.nu\/wp-content\/uploads\/2013\/06\/Kornknarr-p\u00e5-Jordbruksverkets-sajt-300x273.png 300w, https:\/\/sven-ove.nu\/wp-content\/uploads\/2013\/06\/Kornknarr-p\u00e5-Jordbruksverkets-sajt.png 498w\" sizes=\"auto, (max-width: 300px) 100vw, 300px\" \/><\/a><a href=\"https:\/\/sven-ove.nu\/wp-content\/uploads\/2013\/06\/Kornknarr1.jpg\"><img loading=\"lazy\" decoding=\"async\" class=\"size-medium wp-image-5921 alignleft\" title=\"Kornknarr\" src=\"https:\/\/sven-ove.nu\/wp-content\/uploads\/2013\/06\/Kornknarr1-179x300.jpg\" alt=\"\" width=\"179\" height=\"300\" srcset=\"https:\/\/sven-ove.nu\/wp-content\/uploads\/2013\/06\/Kornknarr1-179x300.jpg 179w, https:\/\/sven-ove.nu\/wp-content\/uploads\/2013\/06\/Kornknarr1-613x1024.jpg 613w, https:\/\/sven-ove.nu\/wp-content\/uploads\/2013\/06\/Kornknarr1.jpg 1552w\" sizes=\"auto, (max-width: 179px) 100vw, 179px\" \/><\/a><\/em><\/p>\n<p style=\"padding-left: 30px;\">&nbsp;<\/p>\n<p style=\"padding-left: 30px;\">&nbsp;<\/p>\n<p style=\"padding-left: 30px;\"><em><br \/>\n<\/em><\/p>\n<p style=\"padding-left: 30px;\">&nbsp;<\/p>\n<p style=\"padding-left: 30px;\">&nbsp;<\/p>\n<p style=\"padding-left: 30px;\">&nbsp;<\/p>\n<p style=\"padding-left: 30px;\">&nbsp;<\/p>\n<p style=\"padding-left: 30px;\"><em><em>Till v\u00e4nster: Kornknarr p\u00e5 Jordbruksverkets sajt.<br \/>\n<\/em><\/em><em>Till h\u00f6ger: Mobilfoto i dunkla juninatten: H\u00e4r var det, fast liiiiite ljusare i verkligheten \ud83d\ude42<\/em><\/p>\n","protected":false},"excerpt":{"rendered":"<p>\u00c4r jag amat\u00f6r som l\u00f6pare s\u00e5 \u00e4r jag det \u00e4nnu mer som f\u00e5gelsk\u00e5dare. Skillnaden \u00e4r m\u00f6jligen att som ornitolog blir jag l\u00e5ngsamt b\u00e4ttre. Nu har jag dessutom f\u00e5tt bekr\u00e4ftat vad jag \u00e4r f\u00f6r sort: nattsk\u00e5dare. Det kunde den h\u00e4r nattugglan ha r\u00e4knat ut f\u00f6r l\u00e4nge sedan. Dagen efter att jag h\u00e4lsat p\u00e5 nattsk\u00e4rran p\u00e5 Brattforsheden &hellip; <a href=\"https:\/\/sven-ove.nu\/?p=5915\" class=\"more-link\">Forts\u00e4tt l\u00e4sa <span class=\"screen-reader-text\">M\u00f6te med en knarksparv<\/span><\/a><\/p>\n","protected":false},"author":1,"featured_media":0,"comment_status":"open","ping_status":"open","sticky":false,"template":"","format":"standard","meta":{"_crdt_document":"","_monsterinsights_skip_tracking":false,"_monsterinsights_sitenote_active":false,"_monsterinsights_sitenote_note":"","_monsterinsights_sitenote_category":0,"footnotes":""},"categories":[6],"tags":[24],"class_list":["post-5915","post","type-post","status-publish","format-standard","hentry","category-natur","tag-karlek"],"_links":{"self":[{"href":"https:\/\/sven-ove.nu\/index.php?rest_route=\/wp\/v2\/posts\/5915","targetHints":{"allow":["GET"]}}],"collection":[{"href":"https:\/\/sven-ove.nu\/index.php?rest_route=\/wp\/v2\/posts"}],"about":[{"href":"https:\/\/sven-ove.nu\/index.php?rest_route=\/wp\/v2\/types\/post"}],"author":[{"embeddable":true,"href":"https:\/\/sven-ove.nu\/index.php?rest_route=\/wp\/v2\/users\/1"}],"replies":[{"embeddable":true,"href":"https:\/\/sven-ove.nu\/index.php?rest_route=%2Fwp%2Fv2%2Fcomments&post=5915"}],"version-history":[{"count":8,"href":"https:\/\/sven-ove.nu\/index.php?rest_route=\/wp\/v2\/posts\/5915\/revisions"}],"predecessor-version":[{"id":5926,"href":"https:\/\/sven-ove.nu\/index.php?rest_route=\/wp\/v2\/posts\/5915\/revisions\/5926"}],"wp:attachment":[{"href":"https:\/\/sven-ove.nu\/index.php?rest_route=%2Fwp%2Fv2%2Fmedia&parent=5915"}],"wp:term":[{"taxonomy":"category","embeddable":true,"href":"https:\/\/sven-ove.nu\/index.php?rest_route=%2Fwp%2Fv2%2Fcategories&post=5915"},{"taxonomy":"post_tag","embeddable":true,"href":"https:\/\/sven-ove.nu\/index.php?rest_route=%2Fwp%2Fv2%2Ftags&post=5915"}],"curies":[{"name":"wp","href":"https:\/\/api.w.org\/{rel}","templated":true}]}}