{"id":5952,"date":"2013-06-17T03:00:59","date_gmt":"2013-06-17T02:00:59","guid":{"rendered":"http:\/\/sven-ove.nu\/?p=5952"},"modified":"2013-06-16T09:52:48","modified_gmt":"2013-06-16T08:52:48","slug":"klipp-dig-lofven-och-skaffa-dig-ett-jobb","status":"publish","type":"post","link":"https:\/\/sven-ove.nu\/?p=5952","title":{"rendered":"&#8221;Klipp dig, L\u00f6fven, och skaffa dig ett jobb&#8221;"},"content":{"rendered":"<p>Den svenska politiken har sina irrv\u00e4gar. Men n\u00e4r socialdemokraterna anklagar moderaterna f\u00f6r att vara f\u00f6r lika <a href=\"http:\/\/www.aftonbladet.se\/nyheter\/article16950317.ab\">G\u00f6ran<\/a> <a href=\"http:\/\/www.vf.se\/asikter\/ledare\/reinfeldt-liknar-persson\">Persson<\/a> har den n\u00e5tt en ny niv\u00e5.<\/p>\n<p>Vad blir det h\u00e4rn\u00e4st? Att Reinfeldt ber Stefan L\u00f6fven klippa sig och skaffa sig ett jobb? Att f\u00f6rsvarsministern (M) gallskriker i riksdagen att socialdemokraterna \u00e4r r\u00e4dda f\u00f6r ryssar? Att Anders Borg ber\u00e4ttar att det \u00e4r Kjell-Olof Feldts fel att vi kom med i den j\u00e4rnh\u00e5rda antisnusunionen, fy bubblan?<\/p>\n<p>Jag gillar n\u00e4r de \u00f6verraskar. Vissa dagar tycker ocks\u00e5 jag att v\u00e5r statsminister liknar G\u00f6ran Persson mer och mer. Det \u00e4r inte menat som ber\u00f6m.<\/p>\n<p>Se det som ett tredubbelt tr\u00f6tthetstecken.<\/p>\n<p><a href=\"https:\/\/sven-ove.nu\/wp-content\/uploads\/2013\/06\/Ny-S-affisch.jpg\"><img loading=\"lazy\" decoding=\"async\" class=\"alignleft size-medium wp-image-5953\" title=\"Ny S-affisch\" src=\"https:\/\/sven-ove.nu\/wp-content\/uploads\/2013\/06\/Ny-S-affisch-300x221.jpg\" alt=\"\" width=\"300\" height=\"221\" srcset=\"https:\/\/sven-ove.nu\/wp-content\/uploads\/2013\/06\/Ny-S-affisch-300x221.jpg 300w, https:\/\/sven-ove.nu\/wp-content\/uploads\/2013\/06\/Ny-S-affisch.jpg 616w\" sizes=\"auto, (max-width: 300px) 100vw, 300px\" \/><\/a><\/p>\n<p>&nbsp;<\/p>\n<p>&nbsp;<\/p>\n<p>&nbsp;<\/p>\n<p>&nbsp;<\/p>\n<p>&nbsp;<\/p>\n<p><em>S-affisch i valet 2014.<\/em><\/p>\n","protected":false},"excerpt":{"rendered":"<p>Den svenska politiken har sina irrv\u00e4gar. Men n\u00e4r socialdemokraterna anklagar moderaterna f\u00f6r att vara f\u00f6r lika G\u00f6ran Persson har den n\u00e5tt en ny niv\u00e5. Vad blir det h\u00e4rn\u00e4st? Att Reinfeldt ber Stefan L\u00f6fven klippa sig och skaffa sig ett jobb? Att f\u00f6rsvarsministern (M) gallskriker i riksdagen att socialdemokraterna \u00e4r r\u00e4dda f\u00f6r ryssar? Att Anders Borg &hellip; <a href=\"https:\/\/sven-ove.nu\/?p=5952\" class=\"more-link\">Forts\u00e4tt l\u00e4sa <span class=\"screen-reader-text\">&#8221;Klipp dig, L\u00f6fven, och skaffa dig ett jobb&#8221;<\/span><\/a><\/p>\n","protected":false},"author":1,"featured_media":0,"comment_status":"open","ping_status":"open","sticky":false,"template":"","format":"standard","meta":{"_crdt_document":"","_monsterinsights_skip_tracking":false,"_monsterinsights_sitenote_active":false,"_monsterinsights_sitenote_note":"","_monsterinsights_sitenote_category":0,"footnotes":""},"categories":[9],"tags":[18,21],"class_list":["post-5952","post","type-post","status-publish","format-standard","hentry","category-politik","tag-lardomar","tag-ord"],"_links":{"self":[{"href":"https:\/\/sven-ove.nu\/index.php?rest_route=\/wp\/v2\/posts\/5952","targetHints":{"allow":["GET"]}}],"collection":[{"href":"https:\/\/sven-ove.nu\/index.php?rest_route=\/wp\/v2\/posts"}],"about":[{"href":"https:\/\/sven-ove.nu\/index.php?rest_route=\/wp\/v2\/types\/post"}],"author":[{"embeddable":true,"href":"https:\/\/sven-ove.nu\/index.php?rest_route=\/wp\/v2\/users\/1"}],"replies":[{"embeddable":true,"href":"https:\/\/sven-ove.nu\/index.php?rest_route=%2Fwp%2Fv2%2Fcomments&post=5952"}],"version-history":[{"count":4,"href":"https:\/\/sven-ove.nu\/index.php?rest_route=\/wp\/v2\/posts\/5952\/revisions"}],"predecessor-version":[{"id":5957,"href":"https:\/\/sven-ove.nu\/index.php?rest_route=\/wp\/v2\/posts\/5952\/revisions\/5957"}],"wp:attachment":[{"href":"https:\/\/sven-ove.nu\/index.php?rest_route=%2Fwp%2Fv2%2Fmedia&parent=5952"}],"wp:term":[{"taxonomy":"category","embeddable":true,"href":"https:\/\/sven-ove.nu\/index.php?rest_route=%2Fwp%2Fv2%2Fcategories&post=5952"},{"taxonomy":"post_tag","embeddable":true,"href":"https:\/\/sven-ove.nu\/index.php?rest_route=%2Fwp%2Fv2%2Ftags&post=5952"}],"curies":[{"name":"wp","href":"https:\/\/api.w.org\/{rel}","templated":true}]}}