{"id":5975,"date":"2013-06-20T22:29:29","date_gmt":"2013-06-20T21:29:29","guid":{"rendered":"http:\/\/sven-ove.nu\/?p=5975"},"modified":"2013-06-20T22:29:29","modified_gmt":"2013-06-20T21:29:29","slug":"genrep-och-tamgasen-flyger","status":"publish","type":"post","link":"https:\/\/sven-ove.nu\/?p=5975","title":{"rendered":"Genrep och tamg\u00e5sen flyger"},"content":{"rendered":"<p><a href=\"https:\/\/sven-ove.nu\/wp-content\/uploads\/2013\/06\/nils_holgersson_130520_9162_copy.jpg\"><img loading=\"lazy\" decoding=\"async\" class=\"alignleft size-medium wp-image-5976\" title=\"nils_holgersson_130520_9162_copy\" src=\"https:\/\/sven-ove.nu\/wp-content\/uploads\/2013\/06\/nils_holgersson_130520_9162_copy-199x300.jpg\" alt=\"\" width=\"199\" height=\"300\" srcset=\"https:\/\/sven-ove.nu\/wp-content\/uploads\/2013\/06\/nils_holgersson_130520_9162_copy-199x300.jpg 199w, https:\/\/sven-ove.nu\/wp-content\/uploads\/2013\/06\/nils_holgersson_130520_9162_copy-682x1024.jpg 682w, https:\/\/sven-ove.nu\/wp-content\/uploads\/2013\/06\/nils_holgersson_130520_9162_copy.jpg 1333w\" sizes=\"auto, (max-width: 199px) 100vw, 199px\" \/><\/a><\/p>\n<p>&nbsp;<\/p>\n<p>&nbsp;<\/p>\n<p>&nbsp;<\/p>\n<p>&nbsp;<\/p>\n<p>&nbsp;<\/p>\n<p><em>Foto: Per Hardestam<\/em><\/p>\n<p>&nbsp;<\/p>\n<p>1978 flyttade vi till Sunne. Jag hade f\u00e5tt ett halvtidsjobb, vilket passade den h\u00e4r dr\u00f6mmande skribenten bra och dessutom hade vi sett p\u00e5 kartan i telefonkatalogen att d\u00e4r fanns ett badhus. Det stod ju s\u00e5 p\u00e5 kartan, bredvid j\u00e4rnv\u00e4gsparken: Badhusgatan.<\/p>\n<p>I f\u00f6rv\u00e4g hade jag best\u00e4mt mig f\u00f6r en sak. Ska vi flytta till Fryksdalen s\u00e5 m\u00e5ste jag fr\u00e4scha upp min Selma. S\u00e5 d\u00e4r satt jag, kv\u00e4ll efter kv\u00e4ll, i f\u00f6rv\u00e4g, och l\u00e4ste Selma Lagerl\u00f6fs skrifter i urval, 14 band, och n\u00e5gra titlar till. Kejsarn av Portugallien var b\u00e4st. G\u00f6sta Berling var inte dum den heller. Nils Holgersson k\u00e4ndes som en liten h\u00e4lsning, med tanke p\u00e5 att <a href=\"http:\/\/www.stiftelsensaf.se\/web\/saf.nsf\/webDoc?ReadForm&amp;docid=BA44EDD4DC9C1C80C1257A93002E92B7\">Alfred Dahlin<\/a>, som kom med id\u00e9n till en ny l\u00e4sebok f\u00f6r folkskolan, var fr\u00e5n Huskvarna. Vi bodde d\u00e4r innan flytten till Sunne. Sp\u00e4nnande att det var l\u00e4rarnas organisation som kom med id\u00e9n till en l\u00e4sebok och att boken blev en succ\u00e9roman, \u00f6versatt \u00f6ver halva v\u00e4rlden.<\/p>\n<p>S\u00e5 kan det g\u00e5 n\u00e4r man best\u00e4mmer sig f\u00f6r att skriva en ny sorts skolbok som ska ge barnen kunskap utan att de m\u00e4rker det.<\/p>\n<p><strong>Ingen mesig sagotant<br \/>\n<\/strong>Det f\u00f6rsta som h\u00e4nde var att jag blev hemligt f\u00f6r\u00e4lskad. Nog hade jag l\u00e4st Selma Lagerl\u00f6f f\u00f6rut, men under h\u00f6gstadie\u00e5ren och efterf\u00f6ljande <a href=\"https:\/\/sven-ove.nu\/?page_id=170\">rebell\u00e5r<\/a> var det inte sagotanter fr\u00e5n \u00d6stra \u00c4mtervik vi prioriterade. Nu uppt\u00e4ckte jag att hon sannerligen inte var n\u00e5gon beskedlig sagotant, mesig och omedveten om tidens str\u00f6mningar. Det sa klick, kort sagt. K\u00e4r.<\/p>\n<p>Det andra som h\u00e4nde, fast det tog lite l\u00e4ngre tid, var att jag uppt\u00e4ckte att turismn\u00e4ringen i Sunne ocks\u00e5 borde g\u00e5 hem och l\u00e4sa sin Selma. Broschyrer och ber\u00e4ttelser vimlade av fel kring hennes f\u00f6rfattarskap och n\u00e4r det nya fina hotellet med hennes namn byggdes, l\u00e4t \u00e4garna varenda restaurangg\u00e4st trampa p\u00e5 Akkas g\u00e4ss. Hu vilken matta\u2026<\/p>\n<p><strong><a href=\"https:\/\/sven-ove.nu\/wp-content\/uploads\/2013\/06\/nils_holgersson_130520_9242.jpg\"><img loading=\"lazy\" decoding=\"async\" class=\"alignright size-medium wp-image-5977\" title=\"nils_holgersson_130520_9242\" src=\"https:\/\/sven-ove.nu\/wp-content\/uploads\/2013\/06\/nils_holgersson_130520_9242-300x199.jpg\" alt=\"\" width=\"300\" height=\"199\" srcset=\"https:\/\/sven-ove.nu\/wp-content\/uploads\/2013\/06\/nils_holgersson_130520_9242-300x199.jpg 300w, https:\/\/sven-ove.nu\/wp-content\/uploads\/2013\/06\/nils_holgersson_130520_9242-1024x682.jpg 1024w, https:\/\/sven-ove.nu\/wp-content\/uploads\/2013\/06\/nils_holgersson_130520_9242.jpg 2000w\" sizes=\"auto, (max-width: 300px) 100vw, 300px\" \/><\/a>Handlar egentligen om Husby och fotbollshuliganer<br \/>\n<\/strong>N\u00e5, turistv\u00e4rvarna i trakten har blivit b\u00e4ttre. Jag misst\u00e4nker att en av orsakerna stavas V\u00e4stan\u00e5 Teater och Leif Stinnerbom. P\u00e5 torsdagskv\u00e4llen hade de genrep i Ber\u00e4ttarladan p\u00e5 sin kraftfulla ber\u00e4ttelse om <a href=\"http:\/\/www.vastanateater.se\">Nils Holgersson<\/a>.<\/p>\n<p>Jag ska inte bli l\u00e5ngrandig om den. Det f\u00f6rsta jag vill ha sagt \u00e4r: g\u00e5 och se den. Det andra jag vill ha sagt \u00e4r: g\u00e5 och se den. Det tredje jag vill ha sagt \u00e4r: g\u00e5 f\u00f6r Guds skull och se den.<\/p>\n<p style=\"padding-left: 30px;\"><strong>Kom sedan inte och s\u00e4g att Selma Lagerl\u00f6f var en sagotant som bara satt i \u00d6stra \u00c4mtervik och skrev av gamla farmors och gamla fasters gamla ber\u00e4ttelser om gamla tiders gamla hel- och halvoriginal. Nils Holgersson-f\u00f6rest\u00e4llningen handlar om Husby, den handlar om fotbollshuliganer, den handlar om milj\u00f6medvetande och om att v\u00e4xa upp till m\u00e4nniska. Trots att Leif Stinnerbom inte skriver detta p\u00e5 n\u00e4san p\u00e5 oss en enda sekund.<\/strong><\/p>\n<p><strong> <\/strong><\/p>\n<p style=\"padding-left: 30px;\"><strong>Sa jag att du borde g\u00e5 och se den?<\/strong><\/p>\n<p><strong> <\/strong><\/p>\n<p>&nbsp;<\/p>\n<p style=\"padding-left: 30px;\"><em>Mina ber\u00e4ttelser fr\u00e5n V\u00e4stan\u00e5 Teaters publikskola:<br \/>\n<\/em><em>1. <a href=\"https:\/\/sven-ove.nu\/?p=5610\">Sveriges f\u00f6rsta v\u00e4rstingresa<br \/>\n<\/a><\/em><em>2. <a href=\"https:\/\/sven-ove.nu\/?p=5633\">Nils Holgersson n\u00e4r bilarna brinner i Husby<br \/>\n<\/a><\/em><em>3. <a href=\"https:\/\/sven-ove.nu\/?p=5770\">Ber\u00e4ttelsen om en lada som spelar teater<\/a><\/em><\/p>\n","protected":false},"excerpt":{"rendered":"<p>&nbsp; &nbsp; &nbsp; &nbsp; &nbsp; Foto: Per Hardestam &nbsp; 1978 flyttade vi till Sunne. Jag hade f\u00e5tt ett halvtidsjobb, vilket passade den h\u00e4r dr\u00f6mmande skribenten bra och dessutom hade vi sett p\u00e5 kartan i telefonkatalogen att d\u00e4r fanns ett badhus. Det stod ju s\u00e5 p\u00e5 kartan, bredvid j\u00e4rnv\u00e4gsparken: Badhusgatan. I f\u00f6rv\u00e4g hade jag best\u00e4mt mig &hellip; <a href=\"https:\/\/sven-ove.nu\/?p=5975\" class=\"more-link\">Forts\u00e4tt l\u00e4sa <span class=\"screen-reader-text\">Genrep och tamg\u00e5sen flyger<\/span><\/a><\/p>\n","protected":false},"author":1,"featured_media":0,"comment_status":"open","ping_status":"open","sticky":false,"template":"","format":"standard","meta":{"_crdt_document":"","_monsterinsights_skip_tracking":false,"_monsterinsights_sitenote_active":false,"_monsterinsights_sitenote_note":"","_monsterinsights_sitenote_category":0,"footnotes":""},"categories":[10,4],"tags":[24,14],"class_list":["post-5975","post","type-post","status-publish","format-standard","hentry","category-familjen","category-skrivande","tag-karlek","tag-lasning"],"_links":{"self":[{"href":"https:\/\/sven-ove.nu\/index.php?rest_route=\/wp\/v2\/posts\/5975","targetHints":{"allow":["GET"]}}],"collection":[{"href":"https:\/\/sven-ove.nu\/index.php?rest_route=\/wp\/v2\/posts"}],"about":[{"href":"https:\/\/sven-ove.nu\/index.php?rest_route=\/wp\/v2\/types\/post"}],"author":[{"embeddable":true,"href":"https:\/\/sven-ove.nu\/index.php?rest_route=\/wp\/v2\/users\/1"}],"replies":[{"embeddable":true,"href":"https:\/\/sven-ove.nu\/index.php?rest_route=%2Fwp%2Fv2%2Fcomments&post=5975"}],"version-history":[{"count":5,"href":"https:\/\/sven-ove.nu\/index.php?rest_route=\/wp\/v2\/posts\/5975\/revisions"}],"predecessor-version":[{"id":5982,"href":"https:\/\/sven-ove.nu\/index.php?rest_route=\/wp\/v2\/posts\/5975\/revisions\/5982"}],"wp:attachment":[{"href":"https:\/\/sven-ove.nu\/index.php?rest_route=%2Fwp%2Fv2%2Fmedia&parent=5975"}],"wp:term":[{"taxonomy":"category","embeddable":true,"href":"https:\/\/sven-ove.nu\/index.php?rest_route=%2Fwp%2Fv2%2Fcategories&post=5975"},{"taxonomy":"post_tag","embeddable":true,"href":"https:\/\/sven-ove.nu\/index.php?rest_route=%2Fwp%2Fv2%2Ftags&post=5975"}],"curies":[{"name":"wp","href":"https:\/\/api.w.org\/{rel}","templated":true}]}}