{"id":5984,"date":"2013-06-22T10:00:05","date_gmt":"2013-06-22T09:00:05","guid":{"rendered":"http:\/\/sven-ove.nu\/?p=5984"},"modified":"2013-06-22T15:38:17","modified_gmt":"2013-06-22T14:38:17","slug":"vara-arliga-spontana-irrvagar","status":"publish","type":"post","link":"https:\/\/sven-ove.nu\/?p=5984","title":{"rendered":"V\u00e5ra \u00e5rliga spontana irrv\u00e4gar"},"content":{"rendered":"<p><a href=\"https:\/\/sven-ove.nu\/wp-content\/uploads\/2013\/06\/Majst\u00e5ngen.jpg\"><img loading=\"lazy\" decoding=\"async\" class=\"alignright size-medium wp-image-5985\" title=\"Majst\u00e5ngen\" src=\"https:\/\/sven-ove.nu\/wp-content\/uploads\/2013\/06\/Majst\u00e5ngen-195x300.jpg\" alt=\"\" width=\"195\" height=\"300\" srcset=\"https:\/\/sven-ove.nu\/wp-content\/uploads\/2013\/06\/Majst\u00e5ngen-195x300.jpg 195w, https:\/\/sven-ove.nu\/wp-content\/uploads\/2013\/06\/Majst\u00e5ngen-667x1024.jpg 667w, https:\/\/sven-ove.nu\/wp-content\/uploads\/2013\/06\/Majst\u00e5ngen.jpg 1552w\" sizes=\"auto, (max-width: 195px) 100vw, 195px\" \/><\/a>Midsommardagen kan bara betyda en sak, spontan och fort p\u00e5hittad bilutflykt. Vi \u00e4r lika f\u00f6rv\u00e5nade varje g\u00e5ng, n\u00e4r vi sitter d\u00e4r i bilen p\u00e5 v\u00e4g mot \u00e4nnu ett inte utpekat m\u00e5l &#8211; och \u00e4nd\u00e5 g\u00f6r vi det varje \u00e5r. Hur m\u00e5nga st\u00e4ngda d\u00f6rrar till kaf\u00e9er och sev\u00e4rdheter har vi inte ryckt i denna dag. Hur m\u00e5nga nersl\u00e4ckta rum har vi inte glott in p\u00e5, med n\u00e4sorna tryckta mot rutorna.<\/p>\n<p>Strax efter frukost best\u00e4mmer vi oss, det g\u00f6r vi alltid. <em>\u201dSka vi inte ta och\u2026\u201d. \u201dJa vad kul, det g\u00f6r vi\u201d. <\/em><\/p>\n<p><strong>F\u00f6r tr\u00e5ngt f\u00f6r far i Rottneros<br \/>\n<\/strong>Den tur som barnen talade mest om efter\u00e5t var n\u00e4r vi for till Rottneros men hamnade p\u00e5 kl\u00e4tten och\u2026 Till saken h\u00f6r att vi hade en rutig utflyktsduk. Den hade vi f\u00e5tt lov att bre ut i gr\u00e4set i Rottnerosparken, men just denna midsommardag var det s\u00e5 mycket folk i parken att jag skulle k\u00e4nt mig utpekad. D\u00e5 for vi upp p\u00e5 Tossebergskl\u00e4tten i st\u00e4llet och fikade p\u00e5 v\u00e5r rutiga duk.<\/p>\n<p>N\u00e4r far \u00e4r m\u00e4tt i magen blir han storvulen. S\u00e5 d\u00e4r stod jag snart med sm\u00f6rg\u00e5sarna upp\u00e4tna och pekade p\u00e5 de bl\u00e5nande h\u00f6jderna vid horisonten. <em>\u201dSer ni barn, l\u00e5ngt d\u00e4r borta ligger Norge. Det \u00e4r ett annat land\u201d.<\/em><\/p>\n<p><em>\u201dHar jag varit d\u00e4r?\u201d <\/em>sa den ena. <em>\u201dKan vi inte \u00e5ka dit n\u00e5gon g\u00e5ng\u201d<\/em> sa den andra.<\/p>\n<p><strong>D\u00e5 t\u00e4ndes glimten<br \/>\n<\/strong>Mer blev inte sagt men i deras f\u00f6r\u00e4ldrars \u00f6gon hade t\u00e4nts en glimt, utan att de sm\u00e5 s\u00e5g det. Kort sagt, vi for nerf\u00f6r serpentinbacken och tog oss sedan p\u00e5 n\u00e4stan lika slingriga v\u00e4gar v\u00e4sterut. Stannade vid riksgr\u00e4nsen och visade. <em>\u201dNu \u2013 k\u00f6r vi in i ett annat land!\u201d.<\/em><\/p>\n<p>I baks\u00e4tet utbr\u00f6t jubel. St\u00e4rkta av detta fortsatte far till Kongsvinger, som ligger fint med sin f\u00e4stning och sin \u00e4lv. Nu var det sen eftermiddag och under resans g\u00e5ng hade alla i Saaben l\u00e4rt sig ett nytt uttryck:<\/p>\n<p><em>\u201d\u00c5 vad \u00e4r det d\u00e4r\u00e5t, tro?\u201d.<\/em><br \/>\n<em>\u201dD\u00e4r\u00e5t? Vi f\u00e5r \u00e5ka och titta\u201d. <\/em><\/p>\n<p><strong>Nytt hemligt beslut<br \/>\n<\/strong>I Kongsvinger tog den k\u00e4ra v\u00e4nnen och jag ett nytt hemligt beslut. Vi drar vidare till Oslo. Varf\u00f6r inte visa \u00e4ldsta barnet Holmenkollens Turisthotell, d\u00e4r hon bodde n\u00e4r hon var ett \u00e5r gammal?<\/p>\n<p>D\u00e4rf\u00f6r k\u00f6r denna unga familj omkring p\u00e5 Karl Johann mycket sent en midsommardag p\u00e5 1980-talet. Oslo \u00e4r vackert, utsikten fr\u00e5n Holmenkollen \u00e4r \u00e4nnu senare men bed\u00e5rande, bensinen r\u00e4cker\u2026 ja, hur l\u00e4nge egentligen? Tar vi oss hem? Magarna knorrar, nu \u00e4r vi s\u00e5 hungriga. Detta h\u00e4nder n\u00e4mligen p\u00e5 den tiden n\u00e4r den h\u00e4r envise karlen just har blivit \u00f6vertalad av en h\u00e5rdh\u00e4nt omv\u00e4rld att skaffa checkkonto. <em>\u201dVad\u00e5 checkkonto? Jag vill ha min l\u00f6n i ett kuvert. Ett brunt kuvert ska det vara, med sedlar och mynt. \u201d<\/em><\/p>\n<p><em>\u201dCheck\u201d<\/em>, sa Gustaf Ander.<\/p>\n<p>Sa jag att resan var spontan? Sa jag att det inte fanns n\u00e5gra bankomater i v\u00e4ggarna den g\u00e5ngen, i synnerhet inte f\u00f6r oss, f\u00f6r <strong>kort<\/strong> skulle jag i varje fall aldrig skaffa. Sa jag att vi inte hade n\u00e4stan n\u00e5gra kontanter med oss och att de vi hade tog slut i f\u00f6rorterna till Kongsvinger? Sedan hade vi inte ett r\u00f6tt \u00f6re kvar.<\/p>\n<p><strong>Hungrigare och hungrigare och klockan g\u00e5r<br \/>\n<\/strong>Ingen i hela Norge vill ha v\u00e5r vackra check som det st\u00e5r Wermlandsbanken p\u00e5. Inte i Kongsvinger, inte i Oslo, inte n\u00e5gonstans. Mjukt och m-y-c-k-e-t bensinsn\u00e5lt rattar jag Saaben genom norsk midsommargr\u00f6nska. \u00c4n r\u00e4cker dropparna men senare och senare blir det. Den k\u00e4ra v\u00e4nnen l\u00e4ser kartan, i baks\u00e4tet sitter tre hungriga barn och klockan g\u00e5r. Nu n\u00e5r vi slutligen Sverige igen, d\u00e4r bankens checker g\u00e4ller, men allt \u00e4r st\u00e4ngt. Klockan \u00e4r \u00f6ver tolv och allt \u00e4r st\u00e4ngt.<\/p>\n<p style=\"padding-left: 30px;\"><strong>Himmelriket hittar vi i Bengtsfors klockan 00.35. D\u00e4r finns en \u00f6ppen korvkiosk och bemannad mack, s\u00e5 vi kan fylla p\u00e5 v\u00e5ra reserver. Den grillade specialen med hackad gurka mitt i Dalsland, mitt i natten, talar de sm\u00e5 l\u00e4nge om efter\u00e5t.<\/strong><\/p>\n<p><strong> <\/strong><\/p>\n<p style=\"padding-left: 30px;\"><em><strong>\u201dT\u00e4nk n\u00e4r vi \u00e5kte till ett annat land, pappa, d\u00e4r dom andra hade pengar men inte vi\u201d.<\/strong><\/em><\/p>\n<p><a href=\"https:\/\/sven-ove.nu\/wp-content\/uploads\/2013\/06\/Majst\u00e5ngen1.jpg\"><img loading=\"lazy\" decoding=\"async\" class=\"alignleft size-thumbnail wp-image-5992\" title=\"Majst\u00e5ngen\" src=\"https:\/\/sven-ove.nu\/wp-content\/uploads\/2013\/06\/Majst\u00e5ngen1-150x150.jpg\" alt=\"\" width=\"150\" height=\"150\" \/><\/a><\/p>\n<p>&nbsp;<\/p>\n<p>Detta skriver jag p\u00e5 midsommardagens f\u00f6rmiddag \u00e5r 2013. Den k\u00e4ra v\u00e4nnen och jag har precis \u00e4tit frukost och nu \u00e4r vi p\u00e5\u2019t igen. Precis s\u00e5 spontant som familjetraditionen kr\u00e4ver. <em>\u201dSka vi inte ta och\u2026\u201d. \u201dJa vad kul, det g\u00f6r vi\u201d.<\/em><\/p>\n<p><strong>Uppdatering efter hemkomst, midsommardagen 2013.<\/strong><em> N\u00e4r vi kom nog l\u00e5ngt v\u00e4sterut slog sn\u00f6k\u00e4pparna ut. Kaffekvarnen i Kl\u00e4ssbol var \u00f6ppen och p\u00e5 linnev\u00e4veriet fann vi v\u00e5r nya bordsl\u00f6pare.<\/em><\/p>\n<p><a href=\"https:\/\/sven-ove.nu\/wp-content\/uploads\/2013\/06\/Sn\u00f6k\u00e4ppen-sl\u00e5r-ut1.jpg\"><img loading=\"lazy\" decoding=\"async\" class=\"size-large wp-image-5999 alignleft\" title=\"Sn\u00f6k\u00e4ppen sl\u00e5r ut\" src=\"https:\/\/sven-ove.nu\/wp-content\/uploads\/2013\/06\/Sn\u00f6k\u00e4ppen-sl\u00e5r-ut1-613x1024.jpg\" alt=\"\" width=\"613\" height=\"1024\" srcset=\"https:\/\/sven-ove.nu\/wp-content\/uploads\/2013\/06\/Sn\u00f6k\u00e4ppen-sl\u00e5r-ut1-613x1024.jpg 613w, https:\/\/sven-ove.nu\/wp-content\/uploads\/2013\/06\/Sn\u00f6k\u00e4ppen-sl\u00e5r-ut1-179x300.jpg 179w, https:\/\/sven-ove.nu\/wp-content\/uploads\/2013\/06\/Sn\u00f6k\u00e4ppen-sl\u00e5r-ut1.jpg 1552w\" sizes=\"auto, (max-width: 613px) 100vw, 613px\" \/><\/a><\/p>\n<p>&nbsp;<\/p>\n","protected":false},"excerpt":{"rendered":"<p>Midsommardagen kan bara betyda en sak, spontan och fort p\u00e5hittad bilutflykt. Vi \u00e4r lika f\u00f6rv\u00e5nade varje g\u00e5ng, n\u00e4r vi sitter d\u00e4r i bilen p\u00e5 v\u00e4g mot \u00e4nnu ett inte utpekat m\u00e5l &#8211; och \u00e4nd\u00e5 g\u00f6r vi det varje \u00e5r. Hur m\u00e5nga st\u00e4ngda d\u00f6rrar till kaf\u00e9er och sev\u00e4rdheter har vi inte ryckt i denna dag. Hur &hellip; <a href=\"https:\/\/sven-ove.nu\/?p=5984\" class=\"more-link\">Forts\u00e4tt l\u00e4sa <span class=\"screen-reader-text\">V\u00e5ra \u00e5rliga spontana irrv\u00e4gar<\/span><\/a><\/p>\n","protected":false},"author":1,"featured_media":0,"comment_status":"open","ping_status":"open","sticky":false,"template":"","format":"standard","meta":{"_crdt_document":"","_monsterinsights_skip_tracking":false,"_monsterinsights_sitenote_active":false,"_monsterinsights_sitenote_note":"","_monsterinsights_sitenote_category":0,"footnotes":""},"categories":[10],"tags":[8,24,25,13],"class_list":["post-5984","post","type-post","status-publish","format-standard","hentry","category-familjen","tag-historia","tag-karlek","tag-kartan","tag-utrustning"],"_links":{"self":[{"href":"https:\/\/sven-ove.nu\/index.php?rest_route=\/wp\/v2\/posts\/5984","targetHints":{"allow":["GET"]}}],"collection":[{"href":"https:\/\/sven-ove.nu\/index.php?rest_route=\/wp\/v2\/posts"}],"about":[{"href":"https:\/\/sven-ove.nu\/index.php?rest_route=\/wp\/v2\/types\/post"}],"author":[{"embeddable":true,"href":"https:\/\/sven-ove.nu\/index.php?rest_route=\/wp\/v2\/users\/1"}],"replies":[{"embeddable":true,"href":"https:\/\/sven-ove.nu\/index.php?rest_route=%2Fwp%2Fv2%2Fcomments&post=5984"}],"version-history":[{"count":13,"href":"https:\/\/sven-ove.nu\/index.php?rest_route=\/wp\/v2\/posts\/5984\/revisions"}],"predecessor-version":[{"id":6002,"href":"https:\/\/sven-ove.nu\/index.php?rest_route=\/wp\/v2\/posts\/5984\/revisions\/6002"}],"wp:attachment":[{"href":"https:\/\/sven-ove.nu\/index.php?rest_route=%2Fwp%2Fv2%2Fmedia&parent=5984"}],"wp:term":[{"taxonomy":"category","embeddable":true,"href":"https:\/\/sven-ove.nu\/index.php?rest_route=%2Fwp%2Fv2%2Fcategories&post=5984"},{"taxonomy":"post_tag","embeddable":true,"href":"https:\/\/sven-ove.nu\/index.php?rest_route=%2Fwp%2Fv2%2Ftags&post=5984"}],"curies":[{"name":"wp","href":"https:\/\/api.w.org\/{rel}","templated":true}]}}