{"id":6029,"date":"2013-06-27T03:00:06","date_gmt":"2013-06-27T02:00:06","guid":{"rendered":"http:\/\/sven-ove.nu\/?p=6029"},"modified":"2015-04-26T22:55:05","modified_gmt":"2015-04-26T21:55:05","slug":"karleksfullt-tanker-jag","status":"publish","type":"post","link":"https:\/\/sven-ove.nu\/?p=6029","title":{"rendered":"K\u00e4rleksfullt, t\u00e4nker jag"},"content":{"rendered":"<p>En dag p\u00e5 v\u00e4g till jobbet f\u00e5r jag se den. Handsken. K\u00e4rleksfull, t\u00e4nker jag. Yrkesstolt, t\u00e4nker jag. Sedan flyger den lede i mig och en ny <a href=\"http:\/\/instagram.com\/svenoves?ref=badge\" target=\"_blank\">instagramfundering<\/a> \u00e4r f\u00f6dd. Tillvaron har sina mysterier.<\/p>\n<p>&nbsp;<\/p>\n<p><a href=\"https:\/\/sven-ove.nu\/wp-content\/uploads\/2013\/06\/Handske-i-kl\u00e4m.jpg\"><img loading=\"lazy\" decoding=\"async\" class=\"alignleft size-medium wp-image-6031\" title=\"Handske i kl\u00e4m\" src=\"https:\/\/sven-ove.nu\/wp-content\/uploads\/2013\/06\/Handske-i-kl\u00e4m-300x179.jpg\" alt=\"\" width=\"300\" height=\"179\" srcset=\"https:\/\/sven-ove.nu\/wp-content\/uploads\/2013\/06\/Handske-i-kl\u00e4m-300x179.jpg 300w, https:\/\/sven-ove.nu\/wp-content\/uploads\/2013\/06\/Handske-i-kl\u00e4m-1024x613.jpg 1024w\" sizes=\"auto, (max-width: 300px) 100vw, 300px\" \/><\/a><\/p>\n<p>&nbsp;<\/p>\n<p>&nbsp;<\/p>\n<p>&nbsp;<\/p>\n<p>&nbsp;<\/p>\n<p><em>\u201dVar har du d\u00e5 gjort av skyddsskorna?\u201d fr\u00e5gade vi. \u201dDet \u00e4r det jag inte vet\u201d, sa han med pipig r\u00f6st.<\/em><\/p>\n<p><em><br \/>\n<\/em><\/p>\n","protected":false},"excerpt":{"rendered":"<p>En dag p\u00e5 v\u00e4g till jobbet f\u00e5r jag se den. Handsken. K\u00e4rleksfull, t\u00e4nker jag. Yrkesstolt, t\u00e4nker jag. Sedan flyger den lede i mig och en ny instagramfundering \u00e4r f\u00f6dd. Tillvaron har sina mysterier. &nbsp; &nbsp; &nbsp; &nbsp; &nbsp; \u201dVar har du d\u00e5 gjort av skyddsskorna?\u201d fr\u00e5gade vi. \u201dDet \u00e4r det jag inte vet\u201d, sa han &hellip; <a href=\"https:\/\/sven-ove.nu\/?p=6029\" class=\"more-link\">Forts\u00e4tt l\u00e4sa <span class=\"screen-reader-text\">K\u00e4rleksfullt, t\u00e4nker jag<\/span><\/a><\/p>\n","protected":false},"author":1,"featured_media":0,"comment_status":"open","ping_status":"open","sticky":false,"template":"","format":"standard","meta":{"_crdt_document":"","_monsterinsights_skip_tracking":false,"_monsterinsights_sitenote_active":false,"_monsterinsights_sitenote_note":"","_monsterinsights_sitenote_category":0,"footnotes":""},"categories":[28],"tags":[3,24,13],"class_list":["post-6029","post","type-post","status-publish","format-standard","hentry","category-kreativt-folk","tag-arbete","tag-karlek","tag-utrustning"],"_links":{"self":[{"href":"https:\/\/sven-ove.nu\/index.php?rest_route=\/wp\/v2\/posts\/6029","targetHints":{"allow":["GET"]}}],"collection":[{"href":"https:\/\/sven-ove.nu\/index.php?rest_route=\/wp\/v2\/posts"}],"about":[{"href":"https:\/\/sven-ove.nu\/index.php?rest_route=\/wp\/v2\/types\/post"}],"author":[{"embeddable":true,"href":"https:\/\/sven-ove.nu\/index.php?rest_route=\/wp\/v2\/users\/1"}],"replies":[{"embeddable":true,"href":"https:\/\/sven-ove.nu\/index.php?rest_route=%2Fwp%2Fv2%2Fcomments&post=6029"}],"version-history":[{"count":10,"href":"https:\/\/sven-ove.nu\/index.php?rest_route=\/wp\/v2\/posts\/6029\/revisions"}],"predecessor-version":[{"id":11361,"href":"https:\/\/sven-ove.nu\/index.php?rest_route=\/wp\/v2\/posts\/6029\/revisions\/11361"}],"wp:attachment":[{"href":"https:\/\/sven-ove.nu\/index.php?rest_route=%2Fwp%2Fv2%2Fmedia&parent=6029"}],"wp:term":[{"taxonomy":"category","embeddable":true,"href":"https:\/\/sven-ove.nu\/index.php?rest_route=%2Fwp%2Fv2%2Fcategories&post=6029"},{"taxonomy":"post_tag","embeddable":true,"href":"https:\/\/sven-ove.nu\/index.php?rest_route=%2Fwp%2Fv2%2Ftags&post=6029"}],"curies":[{"name":"wp","href":"https:\/\/api.w.org\/{rel}","templated":true}]}}