{"id":6119,"date":"2013-07-06T03:00:20","date_gmt":"2013-07-06T02:00:20","guid":{"rendered":"http:\/\/sven-ove.nu\/?p=6119"},"modified":"2013-07-06T11:17:25","modified_gmt":"2013-07-06T10:17:25","slug":"ledsen-pa-tredje-dagen","status":"publish","type":"post","link":"https:\/\/sven-ove.nu\/?p=6119","title":{"rendered":"Ledsen p\u00e5 tredje dagen"},"content":{"rendered":"<p><a href=\"https:\/\/sven-ove.nu\/wp-content\/uploads\/2013\/07\/Liljor.jpg\"><img loading=\"lazy\" decoding=\"async\" class=\"size-medium wp-image-6122 alignright\" title=\"Liljor\" src=\"https:\/\/sven-ove.nu\/wp-content\/uploads\/2013\/07\/Liljor-179x300.jpg\" alt=\"\" width=\"179\" height=\"300\" srcset=\"https:\/\/sven-ove.nu\/wp-content\/uploads\/2013\/07\/Liljor-179x300.jpg 179w, https:\/\/sven-ove.nu\/wp-content\/uploads\/2013\/07\/Liljor-613x1024.jpg 613w, https:\/\/sven-ove.nu\/wp-content\/uploads\/2013\/07\/Liljor.jpg 1552w\" sizes=\"auto, (max-width: 179px) 100vw, 179px\" \/><\/a>En dag n\u00e4r jag \u00e4r ledsen p\u00e5 tredje dagen. S\u00e5dana dagar \u00e4r ovanliga f\u00f6r den h\u00e4r optimisten men de finns, sk\u00e4len \u00e4r privata men ledsenheten universell. En s\u00e5dan dag t\u00e4nker jag att vad tj\u00e4nar det till? Detta h\u00e4rjande med blogg och facebook och numera \u00e4ven instagram, som om jag vore en 16-\u00e5ring med skrivkl\u00e5da.<\/p>\n<p>De som l\u00e4ser detta kan l\u00e4sa annat, det finns s\u00e5 m\u00e5nga duktiga skribenter med mer besvarad k\u00e4rlek till skrivandet.<\/p>\n<p><strong>Boken som nyt\u00e4nder hoppet<br \/>\n<\/strong>Mitt i den dimman hittar jag en bok som den k\u00e4ra v\u00e4nnen har burit hem fr\u00e5n brevl\u00e5dan. Naturskyddsf\u00f6reningens \u00e5rsbok <strong><a href=\"http:\/\/www.naturskyddsforeningen.se\/vad-du-kan-gora\/stod-oss\/bestall-arets-bok-jorden-vi-ater\">Jorden vi \u00e4ter<\/a><\/strong>. Jag l\u00e4ser Mikael Karlssons kloka f\u00f6rord, det handlar om vilket jordbruk vi vill ha och hur vi vill f\u00f6rdela jordens (klotets och matjordens) resurser. En miljard sv\u00e4lter, 1,5 miljarder \u00e4r \u00f6verviktiga och varje \u00e5r g\u00e5r 1,3 miljarder ton mat bort som svinn.<\/p>\n<p>D\u00e5 vaknar milj\u00f6k\u00e4mpen inom mig till liv. Riktigt vaken blir jag, n\u00e4r jag l\u00e4ser presentationen av bokens f\u00f6rfattare. De som har farit runt i Sverige och utlandet f\u00f6r att l\u00e4ra oss mer om hur jordbruket \u00e4r och kan vara.<\/p>\n<p><strong>Gunnar<\/strong> <strong>Rundgren<\/strong> \u00e4r lantbrukaren som startade KRAV, pionj\u00e4ren f\u00f6r ekologisk odling som startade Torfolks g\u00e5rd 1977, den f\u00f6rtroendevalde som blev KRAV:s f\u00f6rsta ordf\u00f6rande 1985 och som under \u00e5ren 2000-2005 var ordf\u00f6rande i den internationella samarbetsorganisationen f\u00f6r ekologiskt lantbruk, Ifoam. Sedan 1996 har han mest jobbat med global utveckling av ekologiskt jordbruk \u00e5t SIDA, V\u00e4rldsbanken, FAO och andra FN-organ. 2010 kom hans bok <strong><a href=\"http:\/\/www.adlibris.com\/se\/product.aspx?isbn=9178448050\">Tr\u00e4dg\u00e5rden jorden<\/a><\/strong> \u2013 fr\u00e5n f\u00e5ngstsamh\u00e4lle till global kapitalism och d\u00e4refter.<\/p>\n<p><strong> <\/strong><\/p>\n<p><strong>Ann-Helen Meyer von Bremen<\/strong> \u00e4r uppv\u00e4xt p\u00e5 en liten g\u00e5rd i V\u00e4rmland och har skrivit om lantbruk och livsmedel i 25 \u00e5r, ofta med en koppling till milj\u00f6fr\u00e5gor. 2006 fick hon \u00c4nglamarkspriset f\u00f6r b\u00e4sta milj\u00f6journalistik och 2008 M. Sandahl Foundations stipendium f\u00f6r gastronomisk ekologi. Hennes hemliga dr\u00f6m \u00e4r att ha kor.<\/p>\n<p><a href=\"https:\/\/sven-ove.nu\/wp-content\/uploads\/2013\/07\/Jorden-vi-\u00e4ter.jpg\"><img loading=\"lazy\" decoding=\"async\" class=\"size-medium wp-image-6123 alignleft\" title=\"Jorden vi \u00e4ter\" src=\"https:\/\/sven-ove.nu\/wp-content\/uploads\/2013\/07\/Jorden-vi-\u00e4ter-219x300.jpg\" alt=\"\" width=\"219\" height=\"300\" srcset=\"https:\/\/sven-ove.nu\/wp-content\/uploads\/2013\/07\/Jorden-vi-\u00e4ter-219x300.jpg 219w, https:\/\/sven-ove.nu\/wp-content\/uploads\/2013\/07\/Jorden-vi-\u00e4ter-750x1024.jpg 750w, https:\/\/sven-ove.nu\/wp-content\/uploads\/2013\/07\/Jorden-vi-\u00e4ter.jpg 1552w\" sizes=\"auto, (max-width: 219px) 100vw, 219px\" \/><\/a>Det finns s\u00e5 m\u00e5nga som k\u00e4mpar, s\u00e5 varf\u00f6r skulle jag ge upp? Varf\u00f6r skulle det inte f\u00e5 finnas fumliga 62-\u00e5ringar med skrivkl\u00e5da? Inte dr\u00f6mmer jag om att ha kor, men jag dr\u00f6mmer om att andra har kor, m\u00e5nga andra. Trevliga djur som trivs med att bli mj\u00f6lkade. Hur var det en v\u00e4n till en v\u00e4n skrev p\u00e5 facebook h\u00e4romdagen? <em>\u201dDet \u00e4r ju s\u00e5 att n\u00e4r vi g\u00e5r i aff\u00e4ren, r\u00f6star vi om vilka b\u00f6nder som ska vara kvar. Svenska eller utl\u00e4ndska.\u201d<\/em><\/p>\n<p>Klokt skrivet, om man nu tycker att vi ska ha ett svenskt jordbruk i framtiden med och att det inte \u00e4r <em>maten<\/em> som ska g\u00f6ra en resa och f\u00e5 n\u00e5got att ber\u00e4tta. Vi f\u00e5r knappra p\u00e5 ett tag till, lilldatorn och jag, om det lilla och stora livet och v\u00e5r gemensamma jord.<\/p>\n<p><strong>Tack sn\u00e4lla du<br \/>\n<\/strong>Tack du som l\u00e4ser, jag \u00e4r glad att du finns. Ledsen \u00e4r jag inte l\u00e4nge, det finns ljusningar. Nu ska jag l\u00e4sa f\u00e4rdigt boken, den har redan gjort mitt sinne v\u00e4nare.<\/p>\n<p>Allt jag skriver handlar ytterst om att st\u00e4rka mig sj\u00e4lv och dig som l\u00e4ser i att f\u00f6rs\u00f6ka r\u00e4dda det h\u00e4r klotet f\u00f6r v\u00e5ra barns och barnbarns skull. Tack f\u00f6r att du st\u00e5r ut med 62-\u00e5ringens deltids\u00e5ngest, tappra skrivarf\u00f6rs\u00f6k och framtidshopp.<\/p>\n<p>Det \u00e4r alltid f\u00f6r tidigt att ge upp.<\/p>\n","protected":false},"excerpt":{"rendered":"<p>En dag n\u00e4r jag \u00e4r ledsen p\u00e5 tredje dagen. S\u00e5dana dagar \u00e4r ovanliga f\u00f6r den h\u00e4r optimisten men de finns, sk\u00e4len \u00e4r privata men ledsenheten universell. En s\u00e5dan dag t\u00e4nker jag att vad tj\u00e4nar det till? Detta h\u00e4rjande med blogg och facebook och numera \u00e4ven instagram, som om jag vore en 16-\u00e5ring med skrivkl\u00e5da. De &hellip; <a href=\"https:\/\/sven-ove.nu\/?p=6119\" class=\"more-link\">Forts\u00e4tt l\u00e4sa <span class=\"screen-reader-text\">Ledsen p\u00e5 tredje dagen<\/span><\/a><\/p>\n","protected":false},"author":1,"featured_media":0,"comment_status":"open","ping_status":"open","sticky":false,"template":"","format":"standard","meta":{"_crdt_document":"","_monsterinsights_skip_tracking":false,"_monsterinsights_sitenote_active":false,"_monsterinsights_sitenote_note":"","_monsterinsights_sitenote_category":0,"footnotes":""},"categories":[10,6,4],"tags":[24,14,7,17],"class_list":["post-6119","post","type-post","status-publish","format-standard","hentry","category-familjen","category-natur","category-skrivande","tag-karlek","tag-lasning","tag-miljo","tag-solidaritet"],"_links":{"self":[{"href":"https:\/\/sven-ove.nu\/index.php?rest_route=\/wp\/v2\/posts\/6119","targetHints":{"allow":["GET"]}}],"collection":[{"href":"https:\/\/sven-ove.nu\/index.php?rest_route=\/wp\/v2\/posts"}],"about":[{"href":"https:\/\/sven-ove.nu\/index.php?rest_route=\/wp\/v2\/types\/post"}],"author":[{"embeddable":true,"href":"https:\/\/sven-ove.nu\/index.php?rest_route=\/wp\/v2\/users\/1"}],"replies":[{"embeddable":true,"href":"https:\/\/sven-ove.nu\/index.php?rest_route=%2Fwp%2Fv2%2Fcomments&post=6119"}],"version-history":[{"count":11,"href":"https:\/\/sven-ove.nu\/index.php?rest_route=\/wp\/v2\/posts\/6119\/revisions"}],"predecessor-version":[{"id":6132,"href":"https:\/\/sven-ove.nu\/index.php?rest_route=\/wp\/v2\/posts\/6119\/revisions\/6132"}],"wp:attachment":[{"href":"https:\/\/sven-ove.nu\/index.php?rest_route=%2Fwp%2Fv2%2Fmedia&parent=6119"}],"wp:term":[{"taxonomy":"category","embeddable":true,"href":"https:\/\/sven-ove.nu\/index.php?rest_route=%2Fwp%2Fv2%2Fcategories&post=6119"},{"taxonomy":"post_tag","embeddable":true,"href":"https:\/\/sven-ove.nu\/index.php?rest_route=%2Fwp%2Fv2%2Ftags&post=6119"}],"curies":[{"name":"wp","href":"https:\/\/api.w.org\/{rel}","templated":true}]}}