{"id":6149,"date":"2013-07-14T03:00:33","date_gmt":"2013-07-14T02:00:33","guid":{"rendered":"http:\/\/sven-ove.nu\/?p=6149"},"modified":"2013-07-18T11:42:32","modified_gmt":"2013-07-18T10:42:32","slug":"stangt-for-semester","status":"publish","type":"post","link":"https:\/\/sven-ove.nu\/?p=6149","title":{"rendered":"St\u00e4ngt f\u00f6r semester"},"content":{"rendered":"<p>Bloggen ber att f\u00e5 f\u00f6rs\u00f6ka ta sommarlov. Vi f\u00e5r se om han med skrivkl\u00e5dan orkar h\u00e5lla sig.<\/p>\n<p><a href=\"https:\/\/sven-ove.nu\/wp-content\/uploads\/2013\/07\/Sommar.jpg\"><img loading=\"lazy\" decoding=\"async\" class=\"alignright size-medium wp-image-6151\" title=\"Sommar\" src=\"https:\/\/sven-ove.nu\/wp-content\/uploads\/2013\/07\/Sommar-300x225.jpg\" alt=\"\" width=\"300\" height=\"225\" srcset=\"https:\/\/sven-ove.nu\/wp-content\/uploads\/2013\/07\/Sommar-300x225.jpg 300w, https:\/\/sven-ove.nu\/wp-content\/uploads\/2013\/07\/Sommar-1024x768.jpg 1024w\" sizes=\"auto, (max-width: 300px) 100vw, 300px\" \/><\/a>Planen \u00e4r att plocka n\u00e5gra korgar svamp, h\u00e4nga upp vietnamesiska h\u00e4ngmattan, kliva upp i den, l\u00e4sa n\u00e5gra b\u00f6cker, t\u00e4nka n\u00e5gra tankar, kliva ur den, plocka n\u00e5gra bunkar hallon, springa n\u00e5gra g\u00e5nger hit och dit samt \u00e5ka p\u00e5 utflykt. Jag har h\u00f6rt att det ska vara s\u00e5 trevligt i Kristinehamn, Arvika och en del andra st\u00e4llen med, p\u00e5 insidan l\u00e4nsgr\u00e4nsen. Trivs vi s\u00e5 stannar vi.<\/p>\n<p>H\u00e4r \u00e4r en tanke som beh\u00f6ver t\u00e4nkas p\u00e5 i h\u00e4ngmattan. Jag har redan t\u00e4nkt den, men den m\u00e5ste funderas vidare p\u00e5:<\/p>\n<p style=\"padding-left: 30px;\"><strong>N\u00e4r du sover l\u00e4nge sover du fortare.<br \/>\n<\/strong><strong>Annars skulle du inte hinna vakna i tid.<\/strong><\/p>\n<p>Till sist ett tips f\u00f6r dig som vill ha ov\u00e4ntad l\u00e4sning. Erik Eje Almqvists utm\u00e4rkta reportage om Benny Andersson i tidningen Fokus. Det anade vi inte om Benny, n\u00e4r musikr\u00f6relsen sj\u00f6ng som b\u00e4st:\u00a0<a href=\"http:\/\/www.fokus.se\/2013\/06\/en-radikal-sjunger-ut\/\">En radikal sjunger ut<\/a>.<strong><br \/>\n<\/strong><\/p>\n<p>Det \u00e4r det hele. Trevlig sommar.<\/p>\n<p style=\"padding-left: 60px;\"><strong>PS en tid senare:<\/strong><\/p>\n<p style=\"padding-left: 60px;\">Eftersom jag tror p\u00e5 motsatsernas enhet och kamp, tes-antites-syntes, s\u00e5 har jag samtidigt \u00e4gnat mig \u00e5t att f\u00f6rs\u00f6ka t\u00e4nka p\u00e5 saken fr\u00e5n andra h\u00e5llet:<\/p>\n<p style=\"padding-left: 60px;\"><strong>N\u00e4r du sover l\u00e4nge sover du l\u00e5ngsammare.<br \/>\nAnnars skulle du vakna f\u00f6r tidigt.<\/strong><\/p>\n<p style=\"padding-left: 60px;\">Nu b\u00e4var jag inf\u00f6r syntesen. Det kan bli n\u00e5gon form av sovandets fartlek \u00e4r jag r\u00e4dd. Och ett j\u00e4dra uppvaknande. \/DS.<\/p>\n<p>&nbsp;<\/p>\n<p><em>En som jag k\u00e4nner v\u00e4l h\u00e4vdar att det ska m\u00e5las, sk\u00f6tas tr\u00e4dg\u00e5rdsland, st\u00e4das bil, klippas gr\u00e4smatta, gr\u00e4vas kompost och startas m\u00e5nga andra Stora Viktiga Projekt i sommar. D\u00e5 vet hon inte att Kronblom ocks\u00e5 var gammal lokalredakt\u00f6r. V\u00e4nta f\u00f6rresten, hon vet det. Var la vi h\u00e4ngmattan?<\/em><\/p>\n","protected":false},"excerpt":{"rendered":"<p>Bloggen ber att f\u00e5 f\u00f6rs\u00f6ka ta sommarlov. Vi f\u00e5r se om han med skrivkl\u00e5dan orkar h\u00e5lla sig. Planen \u00e4r att plocka n\u00e5gra korgar svamp, h\u00e4nga upp vietnamesiska h\u00e4ngmattan, kliva upp i den, l\u00e4sa n\u00e5gra b\u00f6cker, t\u00e4nka n\u00e5gra tankar, kliva ur den, plocka n\u00e5gra bunkar hallon, springa n\u00e5gra g\u00e5nger hit och dit samt \u00e5ka p\u00e5 utflykt. &hellip; <a href=\"https:\/\/sven-ove.nu\/?p=6149\" class=\"more-link\">Forts\u00e4tt l\u00e4sa <span class=\"screen-reader-text\">St\u00e4ngt f\u00f6r semester<\/span><\/a><\/p>\n","protected":false},"author":1,"featured_media":0,"comment_status":"open","ping_status":"open","sticky":false,"template":"","format":"standard","meta":{"_crdt_document":"","_monsterinsights_skip_tracking":false,"_monsterinsights_sitenote_active":false,"_monsterinsights_sitenote_note":"","_monsterinsights_sitenote_category":0,"footnotes":""},"categories":[10],"tags":[24,13],"class_list":["post-6149","post","type-post","status-publish","format-standard","hentry","category-familjen","tag-karlek","tag-utrustning"],"_links":{"self":[{"href":"https:\/\/sven-ove.nu\/index.php?rest_route=\/wp\/v2\/posts\/6149","targetHints":{"allow":["GET"]}}],"collection":[{"href":"https:\/\/sven-ove.nu\/index.php?rest_route=\/wp\/v2\/posts"}],"about":[{"href":"https:\/\/sven-ove.nu\/index.php?rest_route=\/wp\/v2\/types\/post"}],"author":[{"embeddable":true,"href":"https:\/\/sven-ove.nu\/index.php?rest_route=\/wp\/v2\/users\/1"}],"replies":[{"embeddable":true,"href":"https:\/\/sven-ove.nu\/index.php?rest_route=%2Fwp%2Fv2%2Fcomments&post=6149"}],"version-history":[{"count":12,"href":"https:\/\/sven-ove.nu\/index.php?rest_route=\/wp\/v2\/posts\/6149\/revisions"}],"predecessor-version":[{"id":6236,"href":"https:\/\/sven-ove.nu\/index.php?rest_route=\/wp\/v2\/posts\/6149\/revisions\/6236"}],"wp:attachment":[{"href":"https:\/\/sven-ove.nu\/index.php?rest_route=%2Fwp%2Fv2%2Fmedia&parent=6149"}],"wp:term":[{"taxonomy":"category","embeddable":true,"href":"https:\/\/sven-ove.nu\/index.php?rest_route=%2Fwp%2Fv2%2Fcategories&post=6149"},{"taxonomy":"post_tag","embeddable":true,"href":"https:\/\/sven-ove.nu\/index.php?rest_route=%2Fwp%2Fv2%2Ftags&post=6149"}],"curies":[{"name":"wp","href":"https:\/\/api.w.org\/{rel}","templated":true}]}}