{"id":619,"date":"2011-12-24T07:00:33","date_gmt":"2011-12-24T06:00:33","guid":{"rendered":"http:\/\/sven-ove.nu\/?p=619"},"modified":"2011-12-23T23:44:52","modified_gmt":"2011-12-23T22:44:52","slug":"fruktbarhetsfest-pa-senhosten","status":"publish","type":"post","link":"https:\/\/sven-ove.nu\/?p=619","title":{"rendered":"Fruktbarhetsfest p\u00e5 senh\u00f6sten"},"content":{"rendered":"<p><strong>JUL.\u00a0 <em>\u201d\u2026 <\/em><\/strong><em>den kristna h\u00f6gtid som firas 25 december till minne av Jesu f\u00f6delse. Ordet \u00e4r fornnordiskt (j\u00f3l) och betecknar en vinterh\u00f6gtid. Sannolikt handlade det om en fruktbarhetsfest p\u00e5 senh\u00f6sten snarare \u00e4n ett midvinterblot som i Snorre Sturlassons kungasagor\u201d. <\/em><em>K\u00e4lla: <\/em><em><a href=\"http:\/\/www.ne.se\/kort\/jul\">Nationalencyklopedin<\/a><\/em><\/p>\n<p><strong>GOD<\/strong>. Synonym till <em>angen\u00e4m, sk\u00f6n, bra, fin, skicklig, from, mild, rej\u00e4l, ordentligt tilltagen, sn\u00e4ll<\/em>.<\/p>\n<p>V\u00e4lj sj\u00e4lv fr\u00e5n listan. Minst en av de sorternas vinterh\u00f6gtid \u00f6nskar jag dig.\u00a0Eller alla sorterna, om det \u00e4r vad du vill.<\/p>\n<p>Och sillsallad.<\/p>\n<p><a href=\"https:\/\/sven-ove.nu\/wp-content\/uploads\/2011\/12\/Cykelskylt-\u00f6versn\u00f6ad2.jpg\"><img loading=\"lazy\" decoding=\"async\" class=\"alignleft size-medium wp-image-633\" title=\"Cykelskylt \u00f6versn\u00f6ad\" src=\"https:\/\/sven-ove.nu\/wp-content\/uploads\/2011\/12\/Cykelskylt-\u00f6versn\u00f6ad2-300x200.jpg\" alt=\"\" width=\"300\" height=\"200\" srcset=\"https:\/\/sven-ove.nu\/wp-content\/uploads\/2011\/12\/Cykelskylt-\u00f6versn\u00f6ad2-300x200.jpg 300w, https:\/\/sven-ove.nu\/wp-content\/uploads\/2011\/12\/Cykelskylt-\u00f6versn\u00f6ad2-1024x682.jpg 1024w\" sizes=\"auto, (max-width: 300px) 100vw, 300px\" \/><\/a><\/p>\n","protected":false},"excerpt":{"rendered":"<p>JUL.\u00a0 \u201d\u2026 den kristna h\u00f6gtid som firas 25 december till minne av Jesu f\u00f6delse. Ordet \u00e4r fornnordiskt (j\u00f3l) och betecknar en vinterh\u00f6gtid. Sannolikt handlade det om en fruktbarhetsfest p\u00e5 senh\u00f6sten snarare \u00e4n ett midvinterblot som i Snorre Sturlassons kungasagor\u201d. K\u00e4lla: Nationalencyklopedin GOD. Synonym till angen\u00e4m, sk\u00f6n, bra, fin, skicklig, from, mild, rej\u00e4l, ordentligt tilltagen, sn\u00e4ll. &hellip; <a href=\"https:\/\/sven-ove.nu\/?p=619\" class=\"more-link\">Forts\u00e4tt l\u00e4sa <span class=\"screen-reader-text\">Fruktbarhetsfest p\u00e5 senh\u00f6sten<\/span><\/a><\/p>\n","protected":false},"author":1,"featured_media":0,"comment_status":"open","ping_status":"open","sticky":false,"template":"","format":"standard","meta":{"_crdt_document":"","_monsterinsights_skip_tracking":false,"_monsterinsights_sitenote_active":false,"_monsterinsights_sitenote_note":"","_monsterinsights_sitenote_category":0,"footnotes":""},"categories":[4],"tags":[24,14,21],"class_list":["post-619","post","type-post","status-publish","format-standard","hentry","category-skrivande","tag-karlek","tag-lasning","tag-ord"],"_links":{"self":[{"href":"https:\/\/sven-ove.nu\/index.php?rest_route=\/wp\/v2\/posts\/619","targetHints":{"allow":["GET"]}}],"collection":[{"href":"https:\/\/sven-ove.nu\/index.php?rest_route=\/wp\/v2\/posts"}],"about":[{"href":"https:\/\/sven-ove.nu\/index.php?rest_route=\/wp\/v2\/types\/post"}],"author":[{"embeddable":true,"href":"https:\/\/sven-ove.nu\/index.php?rest_route=\/wp\/v2\/users\/1"}],"replies":[{"embeddable":true,"href":"https:\/\/sven-ove.nu\/index.php?rest_route=%2Fwp%2Fv2%2Fcomments&post=619"}],"version-history":[{"count":13,"href":"https:\/\/sven-ove.nu\/index.php?rest_route=\/wp\/v2\/posts\/619\/revisions"}],"predecessor-version":[{"id":630,"href":"https:\/\/sven-ove.nu\/index.php?rest_route=\/wp\/v2\/posts\/619\/revisions\/630"}],"wp:attachment":[{"href":"https:\/\/sven-ove.nu\/index.php?rest_route=%2Fwp%2Fv2%2Fmedia&parent=619"}],"wp:term":[{"taxonomy":"category","embeddable":true,"href":"https:\/\/sven-ove.nu\/index.php?rest_route=%2Fwp%2Fv2%2Fcategories&post=619"},{"taxonomy":"post_tag","embeddable":true,"href":"https:\/\/sven-ove.nu\/index.php?rest_route=%2Fwp%2Fv2%2Ftags&post=619"}],"curies":[{"name":"wp","href":"https:\/\/api.w.org\/{rel}","templated":true}]}}