{"id":6237,"date":"2013-07-28T13:40:53","date_gmt":"2013-07-28T12:40:53","guid":{"rendered":"http:\/\/sven-ove.nu\/?p=6237"},"modified":"2013-07-28T13:41:18","modified_gmt":"2013-07-28T12:41:18","slug":"de-som-byggde-stan","status":"publish","type":"post","link":"https:\/\/sven-ove.nu\/?p=6237","title":{"rendered":"De som byggde stan"},"content":{"rendered":"<p>Det g\u00e5r runt. Vi \u00e4r p\u00e5 semester i eget landskap och allt h\u00e4nger ihop, fast det vet vi inte \u00e4n. Tittar p\u00e5 gamla bilar, cyklar och motorcyklar p\u00e5 Arvika fordonsmuseum, \u00e4ter fl\u00e4skfil\u00e9 p\u00e5 verandan p\u00e5 Scandic, tar en \u00f6l p\u00e5 Ohlssons brygga. Jag l\u00e4ser kartan, jas\u00e5 d\u00e4r ligger stadsdelen Haga. Bes\u00f6ker Trefaldighetskyrkan, byggd av arbetare p\u00e5 platsen i material fr\u00e5n orten. Lyssnar p\u00e5 ber\u00e4ttelsen om hur Rackenkolonins konstn\u00e4rer framg\u00e5ngsrikt slogs f\u00f6r att kyrkan skulle bli just s\u00e5 vacker som hon blev. Efter Rackstadmuseet g\u00e5r vi stigen bort till Oppstuhage och f\u00e5r l\u00e4ra oss om platsen nere i stan som fortfarande kallas Pussh\u00f6rnan, efter konstn\u00e4rernas vana att kindpussas i b\u00f6rjan p\u00e5 f\u00f6rra seklet. Vid Nytomta blir jag lovad flagghissning om\u2026 v\u00e4nta, jag f\u00e5r \u00e5terkomma till den flaggst\u00e5ngen.<\/p>\n<p>Torsdagskv\u00e4llens l\u00f6prunda g\u00e5r f\u00f6rbi Ingesunds musikh\u00f6gskola.<\/p>\n<p>P\u00e5 fredagskv\u00e4llen \u00e4r vi vid Glava Glasbruk, d\u00e4r det en g\u00e5ng i tiden arbetade 500 personer med glastillverkningen och 800 andra arbetare skaffade fram br\u00e4nsle ur skogen. Vissa \u00e5r kom 38 procent av Sveriges f\u00f6nsterglas h\u00e4rifr\u00e5n.<\/p>\n<p><strong><a href=\"https:\/\/sven-ove.nu\/wp-content\/uploads\/2013\/07\/P\u00e5-den-anner-sia-vika.jpg\"><img loading=\"lazy\" decoding=\"async\" class=\"alignright size-full wp-image-6238\" title=\"P\u00e5 den anner sia vika\" src=\"https:\/\/sven-ove.nu\/wp-content\/uploads\/2013\/07\/P\u00e5-den-anner-sia-vika.jpg\" alt=\"\" width=\"179\" height=\"526\" srcset=\"https:\/\/sven-ove.nu\/wp-content\/uploads\/2013\/07\/P\u00e5-den-anner-sia-vika.jpg 179w, https:\/\/sven-ove.nu\/wp-content\/uploads\/2013\/07\/P\u00e5-den-anner-sia-vika-102x300.jpg 102w\" sizes=\"auto, (max-width: 179px) 100vw, 179px\" \/><\/a>P\u00e5 den anner sia vika<br \/>\n<\/strong>Den h\u00e4r kv\u00e4llen \u00e4r det konsert i Glashuset. Kenneth Thorstensson och S\u00f6dra \u00c5keriet ska framf\u00f6ra hans h\u00f6rspel <strong>P\u00e5 den anner sia vika,<\/strong> skrivet till n\u00e4r Arvika fyllde 100 \u00e5r. En sl\u00e4kthistoria som samtidigt ber\u00e4ttar om stadens framv\u00e4xt.<\/p>\n<p>Arbetarstadsdelen Haga har en viktig roll. Det har \u00e4ven en viss flaggst\u00e5ng liksom Trefaldighetskyrkan och Ingesund. Som om vi hade vetat allt det i f\u00f6rv\u00e4g. Det gjorde vi inte.<\/p>\n<p style=\"padding-left: 30px;\"><strong>Lokalen \u00e4r smita full och de nio musikanterna och tv\u00e5 ber\u00e4ttarna \u00e4r i h\u00f6gform. Efter\u00e5t st\u00e5r vi l\u00e4nge och appl\u00e5derar Kenneth (som nyss f\u00e5tt <a href=\"http:\/\/www.vf.se\/nyheter\/arvika\/kenneth-torstensson-tilldelas-arvika-kommunpris\">Arvikas kulturstipendium<\/a>) och hans v\u00e4nner. Popul\u00e4rast \u00e4r nog den tionde musikanten, unge Cornelis Nilsson som sj\u00f6ng en av avslutningss\u00e5ngerna.<\/strong><\/p>\n<p>G\u00e5 och se P\u00e5 den anner sia vika om du har m\u00f6jlighet. <a href=\"http:\/\/www.ticnet.se\/event\/pa-den-anner-sia-vika\/274407\">Sista f\u00f6rest\u00e4llningen<\/a> ges i Ber\u00e4ttarladan i Rottneros p\u00e5 tisdag. Rekommenderas.<\/p>\n<p><a href=\"https:\/\/sven-ove.nu\/wp-content\/uploads\/2013\/07\/Glashuset-i-Glava-Glasbruk-27-juli-2013.jpg\"><img loading=\"lazy\" decoding=\"async\" class=\"alignleft size-medium wp-image-6239\" title=\"Glashuset i Glava Glasbruk 27 juli 2013\" src=\"https:\/\/sven-ove.nu\/wp-content\/uploads\/2013\/07\/Glashuset-i-Glava-Glasbruk-27-juli-2013-179x300.jpg\" alt=\"\" width=\"179\" height=\"300\" srcset=\"https:\/\/sven-ove.nu\/wp-content\/uploads\/2013\/07\/Glashuset-i-Glava-Glasbruk-27-juli-2013-179x300.jpg 179w, https:\/\/sven-ove.nu\/wp-content\/uploads\/2013\/07\/Glashuset-i-Glava-Glasbruk-27-juli-2013-613x1024.jpg 613w, https:\/\/sven-ove.nu\/wp-content\/uploads\/2013\/07\/Glashuset-i-Glava-Glasbruk-27-juli-2013.jpg 1552w\" sizes=\"auto, (max-width: 179px) 100vw, 179px\" \/><\/a><\/p>\n<p>&nbsp;<\/p>\n<p>&nbsp;<\/p>\n<p>&nbsp;<\/p>\n<p>&nbsp;<\/p>\n<p><strong>L\u00e4nkar<br \/>\n<\/strong><a href=\"http:\/\/www.vf.se\/hela-livet\/allt-sa-langesen-nufortia%E2%80%9D\">\u201dAllt \u00e4 s\u00e5 l\u00e4ngesen nuf\u00f6rtia\u201d<\/a> \u2013 reportage om Kenneth Thorstensson i VF 27 juli.<br \/>\nS\u00f6dra \u00c5keriet:\u00a0<a href=\"https:\/\/www.youtube.com\/watch?feature=player_embedded&amp;v=fsk7EkvwqOk\">Piltens polska<\/a>.<\/p>\n<p>&nbsp;<\/p>\n","protected":false},"excerpt":{"rendered":"<p>Det g\u00e5r runt. Vi \u00e4r p\u00e5 semester i eget landskap och allt h\u00e4nger ihop, fast det vet vi inte \u00e4n. Tittar p\u00e5 gamla bilar, cyklar och motorcyklar p\u00e5 Arvika fordonsmuseum, \u00e4ter fl\u00e4skfil\u00e9 p\u00e5 verandan p\u00e5 Scandic, tar en \u00f6l p\u00e5 Ohlssons brygga. Jag l\u00e4ser kartan, jas\u00e5 d\u00e4r ligger stadsdelen Haga. Bes\u00f6ker Trefaldighetskyrkan, byggd av arbetare &hellip; <a href=\"https:\/\/sven-ove.nu\/?p=6237\" class=\"more-link\">Forts\u00e4tt l\u00e4sa <span class=\"screen-reader-text\">De som byggde stan<\/span><\/a><\/p>\n","protected":false},"author":1,"featured_media":0,"comment_status":"open","ping_status":"open","sticky":false,"template":"","format":"standard","meta":{"_crdt_document":"","_monsterinsights_skip_tracking":false,"_monsterinsights_sitenote_active":false,"_monsterinsights_sitenote_note":"","_monsterinsights_sitenote_category":0,"footnotes":""},"categories":[10,9],"tags":[3,8,24],"class_list":["post-6237","post","type-post","status-publish","format-standard","hentry","category-familjen","category-politik","tag-arbete","tag-historia","tag-karlek"],"_links":{"self":[{"href":"https:\/\/sven-ove.nu\/index.php?rest_route=\/wp\/v2\/posts\/6237","targetHints":{"allow":["GET"]}}],"collection":[{"href":"https:\/\/sven-ove.nu\/index.php?rest_route=\/wp\/v2\/posts"}],"about":[{"href":"https:\/\/sven-ove.nu\/index.php?rest_route=\/wp\/v2\/types\/post"}],"author":[{"embeddable":true,"href":"https:\/\/sven-ove.nu\/index.php?rest_route=\/wp\/v2\/users\/1"}],"replies":[{"embeddable":true,"href":"https:\/\/sven-ove.nu\/index.php?rest_route=%2Fwp%2Fv2%2Fcomments&post=6237"}],"version-history":[{"count":2,"href":"https:\/\/sven-ove.nu\/index.php?rest_route=\/wp\/v2\/posts\/6237\/revisions"}],"predecessor-version":[{"id":6241,"href":"https:\/\/sven-ove.nu\/index.php?rest_route=\/wp\/v2\/posts\/6237\/revisions\/6241"}],"wp:attachment":[{"href":"https:\/\/sven-ove.nu\/index.php?rest_route=%2Fwp%2Fv2%2Fmedia&parent=6237"}],"wp:term":[{"taxonomy":"category","embeddable":true,"href":"https:\/\/sven-ove.nu\/index.php?rest_route=%2Fwp%2Fv2%2Fcategories&post=6237"},{"taxonomy":"post_tag","embeddable":true,"href":"https:\/\/sven-ove.nu\/index.php?rest_route=%2Fwp%2Fv2%2Ftags&post=6237"}],"curies":[{"name":"wp","href":"https:\/\/api.w.org\/{rel}","templated":true}]}}