{"id":6243,"date":"2013-07-29T05:00:09","date_gmt":"2013-07-29T04:00:09","guid":{"rendered":"http:\/\/sven-ove.nu\/?p=6243"},"modified":"2013-07-29T07:59:09","modified_gmt":"2013-07-29T06:59:09","slug":"berattelsen-om-ronnbaren-och-svenska-flaggan-del-1","status":"publish","type":"post","link":"https:\/\/sven-ove.nu\/?p=6243","title":{"rendered":"Ber\u00e4ttelsen om r\u00f6nnb\u00e4ren och svenska flaggan, del 1"},"content":{"rendered":"<p><a href=\"https:\/\/sven-ove.nu\/wp-content\/uploads\/2013\/07\/Elis1.jpg\"><img loading=\"lazy\" decoding=\"async\" class=\"size-medium wp-image-6253 alignright\" title=\"Elis\" src=\"https:\/\/sven-ove.nu\/wp-content\/uploads\/2013\/07\/Elis1-146x300.jpg\" alt=\"\" width=\"146\" height=\"300\" srcset=\"https:\/\/sven-ove.nu\/wp-content\/uploads\/2013\/07\/Elis1-146x300.jpg 146w, https:\/\/sven-ove.nu\/wp-content\/uploads\/2013\/07\/Elis1-498x1024.jpg 498w, https:\/\/sven-ove.nu\/wp-content\/uploads\/2013\/07\/Elis1.jpg 1249w\" sizes=\"auto, (max-width: 146px) 100vw, 146px\" \/><\/a>Andra dagen p\u00e5 v\u00e5r Arvikasemester far vi till Rackstadmuseet. Tittar \u00e4n en g\u00e5ng p\u00e5 Gustaf Fjaestads fantastiska sn\u00f6landskap. P\u00e5 n\u00e5gra meters h\u00e5ll kan du riktigt h\u00f6ra den gnistrande sn\u00f6n knarra, p\u00e5 n\u00e4ra h\u00e5ll \u00e4r det bara en massa till synes omotiverade f\u00e4rgkluttar.<\/p>\n<p>Hur gjorde karln?<\/p>\n<p>Efter\u00e5t g\u00e5r vi till Oppstuhage d\u00e4r konstn\u00e4rerna hade atelj\u00e9 och bostad. F\u00e5r \u00e4n en g\u00e5ng h\u00f6ra vilken betydelse konsten haft f\u00f6r Arvika, konsten men ocks\u00e5 snickarna och smederna. Elis i Tasere var sannerligen inte bara en slagkraftig filur som drog omkring p\u00e5 en cykel, han var hantverkare, f\u00f6retagsledare och aff\u00e4rsman med. Sl\u00e4kt var de allihop, l\u00e5ter det som.<\/p>\n<p><strong>Ett erbjudande<br \/>\n<\/strong>D\u00e4refter g\u00e5r vi till en av sl\u00e4ktingarnas bostad, Olof Erikssons Nytomta mitt bland mexitegelvillorna i kvarteret intill. Tittar in genom n\u00e5gra f\u00f6nster innan en trevlig guide kommer och hj\u00e4lper oss.<\/p>\n<p style=\"padding-left: 30px;\"><strong>&#8211; V\u00e4lkomna, s\u00e4ger hon. Moster har lovat att hon ska hissa flaggan om jag lyckas s\u00e4lja ett broderim\u00f6nster till en karl. Det har vi bara gjort en enda g\u00e5ng, n\u00e5gonsin.<\/strong><\/p>\n<p>S\u00e5dant \u00e4r oemotst\u00e5ndligt f\u00f6r den h\u00e4r karlen. Hur ska jag g\u00f6ra nu? Ska jag sl\u00e5 till? F\u00f6rra g\u00e5ngen jag h\u00f6ll i en syn\u00e5l var 1963.<\/p>\n","protected":false},"excerpt":{"rendered":"<p>Andra dagen p\u00e5 v\u00e5r Arvikasemester far vi till Rackstadmuseet. Tittar \u00e4n en g\u00e5ng p\u00e5 Gustaf Fjaestads fantastiska sn\u00f6landskap. P\u00e5 n\u00e5gra meters h\u00e5ll kan du riktigt h\u00f6ra den gnistrande sn\u00f6n knarra, p\u00e5 n\u00e4ra h\u00e5ll \u00e4r det bara en massa till synes omotiverade f\u00e4rgkluttar. Hur gjorde karln? Efter\u00e5t g\u00e5r vi till Oppstuhage d\u00e4r konstn\u00e4rerna hade atelj\u00e9 och &hellip; <a href=\"https:\/\/sven-ove.nu\/?p=6243\" class=\"more-link\">Forts\u00e4tt l\u00e4sa <span class=\"screen-reader-text\">Ber\u00e4ttelsen om r\u00f6nnb\u00e4ren och svenska flaggan, del 1<\/span><\/a><\/p>\n","protected":false},"author":1,"featured_media":0,"comment_status":"open","ping_status":"open","sticky":false,"template":"","format":"standard","meta":{"_crdt_document":"","_monsterinsights_skip_tracking":false,"_monsterinsights_sitenote_active":false,"_monsterinsights_sitenote_note":"","_monsterinsights_sitenote_category":0,"footnotes":""},"categories":[10],"tags":[8,13],"class_list":["post-6243","post","type-post","status-publish","format-standard","hentry","category-familjen","tag-historia","tag-utrustning"],"_links":{"self":[{"href":"https:\/\/sven-ove.nu\/index.php?rest_route=\/wp\/v2\/posts\/6243","targetHints":{"allow":["GET"]}}],"collection":[{"href":"https:\/\/sven-ove.nu\/index.php?rest_route=\/wp\/v2\/posts"}],"about":[{"href":"https:\/\/sven-ove.nu\/index.php?rest_route=\/wp\/v2\/types\/post"}],"author":[{"embeddable":true,"href":"https:\/\/sven-ove.nu\/index.php?rest_route=\/wp\/v2\/users\/1"}],"replies":[{"embeddable":true,"href":"https:\/\/sven-ove.nu\/index.php?rest_route=%2Fwp%2Fv2%2Fcomments&post=6243"}],"version-history":[{"count":7,"href":"https:\/\/sven-ove.nu\/index.php?rest_route=\/wp\/v2\/posts\/6243\/revisions"}],"predecessor-version":[{"id":6258,"href":"https:\/\/sven-ove.nu\/index.php?rest_route=\/wp\/v2\/posts\/6243\/revisions\/6258"}],"wp:attachment":[{"href":"https:\/\/sven-ove.nu\/index.php?rest_route=%2Fwp%2Fv2%2Fmedia&parent=6243"}],"wp:term":[{"taxonomy":"category","embeddable":true,"href":"https:\/\/sven-ove.nu\/index.php?rest_route=%2Fwp%2Fv2%2Fcategories&post=6243"},{"taxonomy":"post_tag","embeddable":true,"href":"https:\/\/sven-ove.nu\/index.php?rest_route=%2Fwp%2Fv2%2Ftags&post=6243"}],"curies":[{"name":"wp","href":"https:\/\/api.w.org\/{rel}","templated":true}]}}