{"id":6288,"date":"2013-08-02T05:00:56","date_gmt":"2013-08-02T04:00:56","guid":{"rendered":"http:\/\/sven-ove.nu\/?p=6288"},"modified":"2013-08-02T06:51:07","modified_gmt":"2013-08-02T05:51:07","slug":"berattelsen-om-ronnbaren-och-svenska-flaggan-del-3","status":"publish","type":"post","link":"https:\/\/sven-ove.nu\/?p=6288","title":{"rendered":"Ber\u00e4ttelsen om r\u00f6nnb\u00e4ren och svenska flaggan, del 3"},"content":{"rendered":"<p>Det var 1963, s\u00e5 mycket vet jag s\u00e4kert, f\u00f6r det st\u00e5r s\u00e5 p\u00e5 bokm\u00e4rket jag gjorde. \u00c5ret d\u00e5 jag f\u00f6rra g\u00e5ngen h\u00f6ll i n\u00e5l och tr\u00e5d n\u00e5gon l\u00e4ngre stund. Nu ska det allts\u00e5 ske igen. Jag har dyrt och heligt lovat tv\u00e5 trivsamma damer p\u00e5 minnesg\u00e5rden <a href=\"http:\/\/www.nytomta.se\">Nytomta<\/a> i Arvika att brodera en gardin enligt m\u00f6nstret de s\u00e5lde mig, innan de v\u00e4nligt nog hissade flaggan.<\/p>\n<p>Bedriften var inte att k\u00f6pa m\u00f6nstret. Den var att jag lovade brodera det. S\u00e5dana l\u00f6ften \u00e4r till f\u00f6r att h\u00e5llas, \u00e4ven av kn\u00f6vvligt folk. St\u00e5 och se glad ut framf\u00f6r en flaggst\u00e5ng \u00e4r l\u00e4tt, men nu \u00e4r det upp till bevis.<\/p>\n<p><strong>Smyger upp p\u00e5sen<br \/>\n<\/strong>N\u00e5gra dagar efter hemkomsten tar jag ett stadigt tag i den k\u00e4ra v\u00e4nnen med ena n\u00e4ven och ett n\u00e5got f\u00f6rsiktigare tag i brodyrp\u00e5sen med den andra. Vi s\u00e4tter oss vid vita bordet, jag t\u00e4nder lampan, k\u00e4nner att jag \u00e4r m\u00e4tt och ot\u00f6rstig och har tillgodosett alla andra grundl\u00e4ggande kroppsliga och sj\u00e4lsliga behov. Kroppen \u00e4r nysprungen, br\u00f6stet fyllt av mod och broderifingrarna nytv\u00e4ttade. I bakgrunden spelar Jan Johansson en gammal uppjazzad svensk folkmelodi om s\u00e5lda hemman.<\/p>\n<p><strong><a href=\"https:\/\/sven-ove.nu\/wp-content\/uploads\/2013\/08\/Jaha4.jpg\"><img loading=\"lazy\" decoding=\"async\" class=\"size-thumbnail wp-image-6302 alignleft\" title=\"Jaha\" src=\"https:\/\/sven-ove.nu\/wp-content\/uploads\/2013\/08\/Jaha4-150x150.jpg\" alt=\"\" width=\"150\" height=\"150\" \/><\/a>F\u00f6rsiktigt f\u00f6rsiktigt \u00f6ppnar jag p\u00e5sen. <\/strong><\/p>\n<p style=\"padding-left: 30px;\"><strong>F\u00f6rst f\u00e5r jag tag i sj\u00e4lva m\u00f6nstret. Det f\u00f6rest\u00e4ller en gardin med r\u00f6nnb\u00e4r p\u00e5, men det vet jag redan. Nio dockor garn, tre m\u00f6rkbruna, tre mellanbruna, en orange, en mellanorange och en r\u00f6dorange.<\/strong><\/p>\n<p>Beskrivningen ber\u00e4ttar om b\u00e5de platts\u00f6m och stj\u00e4lkstygn. Nu b\u00f6rjar kroppen skaka igen. Vad var det jag l\u00e4ste p\u00e5 internet? <em>Broderi \u00e4r ett tidskr\u00e4vande hantverk som kr\u00e4ver mycket erfarenhet. <\/em><\/p>\n<p><em> <\/em><\/p>\n<p><strong>Som att springa en mara<br \/>\n<\/strong>Var vill du b\u00f6rja? fr\u00e5gan den k\u00e4ra v\u00e4nnen medan jag l\u00e4gger fram alla grejorna framf\u00f6r mig p\u00e5 bordet. Fr\u00e5n b\u00f6rjan om det passar, svarar jag.<\/p>\n<p>Ingen tar tid och tur \u00e4r v\u00e4l det. Jag anv\u00e4nder aldrig gps-klockan n\u00e4r jag broderar r\u00f6nnb\u00e4r. Men en god stund senare \u00e4r de f\u00f6rsta femton millimetrarna r\u00f6nnstj\u00e4lk f\u00e4rdig. Jag har sytt stj\u00e4lkstygn, j\u00e4drar i det, jag har sytt stj\u00e4lkstygn. Nyckelord: <em>j\u00e4mn linje, j\u00e4mnstora stygn<\/em>. Tjoho!<\/p>\n<p>Kom inte och tala om f\u00f6rspilld kvinnokraft, d\u00e5 f\u00e5r du med mig att g\u00f6ra. D\u00e5 syr jag in dig i r\u00f6dorange platts\u00f6m fr\u00e5n Grossbolstorp. <em>Raka stygn p\u00e5 snedden, t\u00e4tt samman, tv\u00e4rs \u00f6ver motivet.<\/em><\/p>\n<p><em> <\/em><\/p>\n<p style=\"padding-left: 30px;\"><strong>R\u00f6nnb\u00e4rsbroderi \u00e4r precis som n\u00e4r man springer marathon f\u00f6rst\u00e5r du, s\u00e4ger jag till den k\u00e4ra v\u00e4nnen. Du f\u00e5r aldrig t\u00e4nka p\u00e5 m\u00e5let, bara p\u00e5 n\u00e4sta stygn \u2013 och s\u00e5 m\u00e5ste du vara ih\u00e4rdig. <\/strong><\/p>\n<p style=\"padding-left: 30px;\"><strong>St\u00f6nig, t\u00e4nker den k\u00e4ra v\u00e4nnen, men det s\u00e4ger hon inte.<\/strong><\/p>\n<p><strong><a href=\"https:\/\/sven-ove.nu\/wp-content\/uploads\/2013\/08\/\u00c5ss\u00e5-drar-man3.jpg\"><img loading=\"lazy\" decoding=\"async\" class=\"size-medium wp-image-6301 alignleft\" title=\"\u00c5ss\u00e5 drar man\" src=\"https:\/\/sven-ove.nu\/wp-content\/uploads\/2013\/08\/\u00c5ss\u00e5-drar-man3-300x199.jpg\" alt=\"\" width=\"300\" height=\"199\" srcset=\"https:\/\/sven-ove.nu\/wp-content\/uploads\/2013\/08\/\u00c5ss\u00e5-drar-man3-300x199.jpg 300w, https:\/\/sven-ove.nu\/wp-content\/uploads\/2013\/08\/\u00c5ss\u00e5-drar-man3.jpg 500w\" sizes=\"auto, (max-width: 300px) 100vw, 300px\" \/><\/a><\/strong><\/p>\n<p><a href=\"https:\/\/sven-ove.nu\/wp-content\/uploads\/2013\/08\/Detta-var-ju-kul.jpg\"><img loading=\"lazy\" decoding=\"async\" class=\"alignleft size-full wp-image-6298\" title=\"Detta var ju kul\" src=\"https:\/\/sven-ove.nu\/wp-content\/uploads\/2013\/08\/Detta-var-ju-kul.jpg\" alt=\"\" width=\"1000\" height=\"667\" srcset=\"https:\/\/sven-ove.nu\/wp-content\/uploads\/2013\/08\/Detta-var-ju-kul.jpg 1000w, https:\/\/sven-ove.nu\/wp-content\/uploads\/2013\/08\/Detta-var-ju-kul-300x200.jpg 300w\" sizes=\"auto, (max-width: 1000px) 100vw, 1000px\" \/><\/a><\/p>\n<p style=\"padding-left: 30px;\">&nbsp;<\/p>\n<p style=\"padding-left: 30px;\">&nbsp;<\/p>\n<p style=\"padding-left: 30px;\"><em>F\u00f6rsta femton millimetrarna i hamn. Det blev en r\u00f6nnstj\u00e4lk. <\/em><\/p>\n<p style=\"padding-left: 30px;\"><em>Foto &amp; broderiundervisning: Inger Nilsson<\/em><\/p>\n","protected":false},"excerpt":{"rendered":"<p>Det var 1963, s\u00e5 mycket vet jag s\u00e4kert, f\u00f6r det st\u00e5r s\u00e5 p\u00e5 bokm\u00e4rket jag gjorde. \u00c5ret d\u00e5 jag f\u00f6rra g\u00e5ngen h\u00f6ll i n\u00e5l och tr\u00e5d n\u00e5gon l\u00e4ngre stund. Nu ska det allts\u00e5 ske igen. Jag har dyrt och heligt lovat tv\u00e5 trivsamma damer p\u00e5 minnesg\u00e5rden Nytomta i Arvika att brodera en gardin enligt m\u00f6nstret &hellip; <a href=\"https:\/\/sven-ove.nu\/?p=6288\" class=\"more-link\">Forts\u00e4tt l\u00e4sa <span class=\"screen-reader-text\">Ber\u00e4ttelsen om r\u00f6nnb\u00e4ren och svenska flaggan, del 3<\/span><\/a><\/p>\n","protected":false},"author":1,"featured_media":0,"comment_status":"open","ping_status":"open","sticky":false,"template":"","format":"standard","meta":{"_crdt_document":"","_monsterinsights_skip_tracking":false,"_monsterinsights_sitenote_active":false,"_monsterinsights_sitenote_note":"","_monsterinsights_sitenote_category":0,"footnotes":""},"categories":[10],"tags":[3,8,24,18,13],"class_list":["post-6288","post","type-post","status-publish","format-standard","hentry","category-familjen","tag-arbete","tag-historia","tag-karlek","tag-lardomar","tag-utrustning"],"_links":{"self":[{"href":"https:\/\/sven-ove.nu\/index.php?rest_route=\/wp\/v2\/posts\/6288","targetHints":{"allow":["GET"]}}],"collection":[{"href":"https:\/\/sven-ove.nu\/index.php?rest_route=\/wp\/v2\/posts"}],"about":[{"href":"https:\/\/sven-ove.nu\/index.php?rest_route=\/wp\/v2\/types\/post"}],"author":[{"embeddable":true,"href":"https:\/\/sven-ove.nu\/index.php?rest_route=\/wp\/v2\/users\/1"}],"replies":[{"embeddable":true,"href":"https:\/\/sven-ove.nu\/index.php?rest_route=%2Fwp%2Fv2%2Fcomments&post=6288"}],"version-history":[{"count":21,"href":"https:\/\/sven-ove.nu\/index.php?rest_route=\/wp\/v2\/posts\/6288\/revisions"}],"predecessor-version":[{"id":6320,"href":"https:\/\/sven-ove.nu\/index.php?rest_route=\/wp\/v2\/posts\/6288\/revisions\/6320"}],"wp:attachment":[{"href":"https:\/\/sven-ove.nu\/index.php?rest_route=%2Fwp%2Fv2%2Fmedia&parent=6288"}],"wp:term":[{"taxonomy":"category","embeddable":true,"href":"https:\/\/sven-ove.nu\/index.php?rest_route=%2Fwp%2Fv2%2Fcategories&post=6288"},{"taxonomy":"post_tag","embeddable":true,"href":"https:\/\/sven-ove.nu\/index.php?rest_route=%2Fwp%2Fv2%2Ftags&post=6288"}],"curies":[{"name":"wp","href":"https:\/\/api.w.org\/{rel}","templated":true}]}}