{"id":6321,"date":"2013-08-03T03:00:12","date_gmt":"2013-08-03T02:00:12","guid":{"rendered":"http:\/\/sven-ove.nu\/?p=6321"},"modified":"2013-08-02T18:39:14","modified_gmt":"2013-08-02T17:39:14","slug":"coolna-mitt-klot","status":"publish","type":"post","link":"https:\/\/sven-ove.nu\/?p=6321","title":{"rendered":"Coolna, mitt klot"},"content":{"rendered":"<p><strong> <\/strong><\/p>\n<p><a href=\"https:\/\/sven-ove.nu\/wp-content\/uploads\/2013\/08\/St\u00e5ngg\u00e5ng.jpg\"><img loading=\"lazy\" decoding=\"async\" class=\"alignleft size-large wp-image-6322\" title=\"St\u00e5ngg\u00e5ng\" src=\"https:\/\/sven-ove.nu\/wp-content\/uploads\/2013\/08\/St\u00e5ngg\u00e5ng-1024x699.jpg\" alt=\"\" width=\"640\" height=\"436\" srcset=\"https:\/\/sven-ove.nu\/wp-content\/uploads\/2013\/08\/St\u00e5ngg\u00e5ng-1024x699.jpg 1024w, https:\/\/sven-ove.nu\/wp-content\/uploads\/2013\/08\/St\u00e5ngg\u00e5ng-300x204.jpg 300w, https:\/\/sven-ove.nu\/wp-content\/uploads\/2013\/08\/St\u00e5ngg\u00e5ng.jpg 1300w\" sizes=\"auto, (max-width: 640px) 100vw, 640px\" \/><\/a><\/p>\n<p>Jag vill inte \u201df\u00e5 hjulen att rulla\u201d, det \u00e4r s\u00e5\u00e5\u00e5 1800-tal\u2026 Jag vill f\u00e5 det stora hjulet att bli en grad svalare, l\u00e5ngt in i alla tal som n\u00e5gon h\u00e5ller. B\u00f6rja med den tanken, n\u00e4r du ritar de nya maskinerna. G\u00f6r s\u00e5 de inte suger upp och spottar ut allt levande liv de ser.<\/p>\n<p>En g\u00e5ng ins\u00e5g ingenj\u00f6rerna att kraften inte kr\u00e4ver st\u00e5ngg\u00e5ngar. Sedan uppt\u00e4ckte de att kraften inte kr\u00e4ver remmar och remhjul. En dag ska de fatta att det inte ens kr\u00e4vs \u00e4ndlig olja, smutsiga explosionsmotorer eller o\u00e4ndligt orena atomklyvningsverk n\u00e4r kraft ska skapas och verka.<\/p>\n<p style=\"padding-left: 30px;\"><strong>V\u00e4rlden \u00e4r full av m\u00f6jliga jobb som v\u00e4rmer m\u00e4nniskors mage och hj\u00e4rta men l\u00e5ter klotet trivas. Rita p\u00e5 de jobben, h\u00e5ll de talen.<\/strong><\/p>\n<p>Det \u00e4r 2000-tal.<\/p>\n","protected":false},"excerpt":{"rendered":"<p>Jag vill inte \u201df\u00e5 hjulen att rulla\u201d, det \u00e4r s\u00e5\u00e5\u00e5 1800-tal\u2026 Jag vill f\u00e5 det stora hjulet att bli en grad svalare, l\u00e5ngt in i alla tal som n\u00e5gon h\u00e5ller. B\u00f6rja med den tanken, n\u00e4r du ritar de nya maskinerna. G\u00f6r s\u00e5 de inte suger upp och spottar ut allt levande liv de ser. En &hellip; <a href=\"https:\/\/sven-ove.nu\/?p=6321\" class=\"more-link\">Forts\u00e4tt l\u00e4sa <span class=\"screen-reader-text\">Coolna, mitt klot<\/span><\/a><\/p>\n","protected":false},"author":1,"featured_media":0,"comment_status":"open","ping_status":"open","sticky":false,"template":"","format":"standard","meta":{"_crdt_document":"","_monsterinsights_skip_tracking":false,"_monsterinsights_sitenote_active":false,"_monsterinsights_sitenote_note":"","_monsterinsights_sitenote_category":0,"footnotes":""},"categories":[9],"tags":[3,8,7,20,17],"class_list":["post-6321","post","type-post","status-publish","format-standard","hentry","category-politik","tag-arbete","tag-historia","tag-miljo","tag-rad","tag-solidaritet"],"_links":{"self":[{"href":"https:\/\/sven-ove.nu\/index.php?rest_route=\/wp\/v2\/posts\/6321","targetHints":{"allow":["GET"]}}],"collection":[{"href":"https:\/\/sven-ove.nu\/index.php?rest_route=\/wp\/v2\/posts"}],"about":[{"href":"https:\/\/sven-ove.nu\/index.php?rest_route=\/wp\/v2\/types\/post"}],"author":[{"embeddable":true,"href":"https:\/\/sven-ove.nu\/index.php?rest_route=\/wp\/v2\/users\/1"}],"replies":[{"embeddable":true,"href":"https:\/\/sven-ove.nu\/index.php?rest_route=%2Fwp%2Fv2%2Fcomments&post=6321"}],"version-history":[{"count":3,"href":"https:\/\/sven-ove.nu\/index.php?rest_route=\/wp\/v2\/posts\/6321\/revisions"}],"predecessor-version":[{"id":6325,"href":"https:\/\/sven-ove.nu\/index.php?rest_route=\/wp\/v2\/posts\/6321\/revisions\/6325"}],"wp:attachment":[{"href":"https:\/\/sven-ove.nu\/index.php?rest_route=%2Fwp%2Fv2%2Fmedia&parent=6321"}],"wp:term":[{"taxonomy":"category","embeddable":true,"href":"https:\/\/sven-ove.nu\/index.php?rest_route=%2Fwp%2Fv2%2Fcategories&post=6321"},{"taxonomy":"post_tag","embeddable":true,"href":"https:\/\/sven-ove.nu\/index.php?rest_route=%2Fwp%2Fv2%2Ftags&post=6321"}],"curies":[{"name":"wp","href":"https:\/\/api.w.org\/{rel}","templated":true}]}}