{"id":6329,"date":"2013-08-05T05:00:24","date_gmt":"2013-08-05T04:00:24","guid":{"rendered":"http:\/\/sven-ove.nu\/?p=6329"},"modified":"2013-08-04T22:37:33","modified_gmt":"2013-08-04T21:37:33","slug":"bekraftelsebehovet-maste-vara-stort-hos-manga","status":"publish","type":"post","link":"https:\/\/sven-ove.nu\/?p=6329","title":{"rendered":"&#8221;Bekr\u00e4ftelsebehovet m\u00e5ste vara stort hos m\u00e5nga&#8221;"},"content":{"rendered":"<p><em>Bekr\u00e4ftelsebehovet m\u00e5ste vara stort hos m\u00e5nga<\/em> skrev n\u00e5gon p\u00e5 facebook, kritisk mot vad han tyckte var ytliga inl\u00e4gg. S\u00e5dant kan man f\u00f6rst\u00e5s h\u00e5lla med om ibland och ondg\u00f6ra sig \u00f6ver om man har den l\u00e4ggningen. Vem har inte sett svamparna, katterna, hundarna, f\u00f6tterna mot utl\u00e4ndsk sandstrand, den nyserverade maten &amp; ett glas r\u00f6tt?<\/p>\n<p>Vem har inte sj\u00e4lv lagt ut en del av den sorten?<\/p>\n<p>Fast vad \u00e4r det f\u00f6r ont i det? Jag har kloka v\u00e4nner som skriver m\u00e4ngder med djupsinniga inl\u00e4gg mellan ytligheterna. L\u00e5ngt klokare \u00e4n det mesta jag sj\u00e4lv har t\u00e4nkt. Inl\u00e4gg som jag f\u00e5r g\u00e5 omkring och fundera \u00f6ver i dagar och ibland m\u00e5ste kommentera en g\u00e5ng till n\u00e4r jag t\u00e4nkt ett tag. Det \u00e4r l\u00e4tt att vara f\u00f6r snabb, facebook inbjuder till korkad ironi, fr\u00e5ga mig, jag hamnar d\u00e4r stup i kvarten. Trots att jag \u00e4r en halv generation \u00e4ldre \u00e4n den ironiska.<\/p>\n<p><strong>Tv\u00e5 saker att f\u00f6rs\u00f6ka f\u00f6rst\u00e5<br \/>\n<\/strong>Jag tror att det \u00e4r tv\u00e5 saker vi m\u00e5ste f\u00f6rs\u00f6ka f\u00f6rst\u00e5. Det ena \u00e4r att vi \u00e4r hela m\u00e4nniskor och hela m\u00e4nniskor vill ibland prata strunt och ibland samtala om det djupaste allvar som finns, om k\u00e4rlek, liv och d\u00f6d. Vi \u00e4r inte samma m\u00e4nniskor m\u00e5ndag morgon och fredag kv\u00e4ll. Det andra \u00e4r att varenda en av oss naturligtvis har ett bekr\u00e4ftelsebehov. Ett tydligt exempel p\u00e5 det \u00e4r han som skrev att vissa m\u00e5ste ha ett v\u00e4ldigt s\u00e5dant behov. D\u00e4r bekr\u00e4ftade han elegant sitt eget p\u00e5st\u00e5ende.<\/p>\n<p>\u00c4r det inte det som g\u00f6r oss till m\u00e4nniskor? Detta att vi \u00e4r sociala varelser som hela tiden s\u00e4nder och tar emot signaler:<\/p>\n<p style=\"padding-left: 30px;\"><em>&#8211; Jag ser dig.<br \/>\n<\/em><em>&#8211; Du ser mig.<br \/>\n<\/em><em>&#8211; Jag vill att vi ska se varandra.<\/em><\/p>\n<p><em> <\/em><\/p>\n<p><strong>Mannen med behovspyramiden<br \/>\n<\/strong>N\u00e4r vi \u00e4r m\u00e4tta, f\u00e5r sova, har tak \u00f6ver huvudet och k\u00e4nner oss trygga, d\u00e5 vill vi ha k\u00e4rlek, gemenskap och uppskattning. Han hette <a href=\"http:\/\/sv.wikipedia.org\/wiki\/Maslows_behovstrappa\">Maslow<\/a> som skrev om saken. M\u00e4nskligheten hade vetat det i hundratusentals \u00e5r, men han gjorde en trappa av behoven.<\/p>\n<p style=\"padding-left: 30px;\"><strong>Vi vill bli sedda heter det p\u00e5 ickeironisk svenska. Se mig, s\u00e4ger mannen som klagar p\u00e5 andras bekr\u00e4ftelsebehov. S\u00e5dant tycker jag \u00e4r vackert.<\/strong><\/p>\n<p>H\u00e4r \u00e4r bild p\u00e5 ett m\u00e5l mat som jag f\u00f6rmodligen har stoppat in i ansiktet n\u00e4r du l\u00e4ser detta. Samtidigt t\u00e4nker jag diskutera kvantteorin med henne som jag \u00e4lskar. Jag tror vi tar kvantteorin i dag eller m\u00f6jligen livets mening.<\/p>\n<p>Eller varf\u00f6r jag vaknar halv sex en del mornar, helt vanliga semesterdagar.<\/p>\n<p><a href=\"https:\/\/sven-ove.nu\/wp-content\/uploads\/2013\/08\/Frukost.jpg\"><img loading=\"lazy\" decoding=\"async\" class=\"alignleft size-large wp-image-6330\" title=\"Frukost\" src=\"https:\/\/sven-ove.nu\/wp-content\/uploads\/2013\/08\/Frukost-1024x768.jpg\" alt=\"\" width=\"640\" height=\"480\" srcset=\"https:\/\/sven-ove.nu\/wp-content\/uploads\/2013\/08\/Frukost-1024x768.jpg 1024w, https:\/\/sven-ove.nu\/wp-content\/uploads\/2013\/08\/Frukost-300x225.jpg 300w, https:\/\/sven-ove.nu\/wp-content\/uploads\/2013\/08\/Frukost.jpg 1600w\" sizes=\"auto, (max-width: 640px) 100vw, 640px\" \/><\/a><\/p>\n<p>&nbsp;<\/p>\n<p>&nbsp;<\/p>\n","protected":false},"excerpt":{"rendered":"<p>Bekr\u00e4ftelsebehovet m\u00e5ste vara stort hos m\u00e5nga skrev n\u00e5gon p\u00e5 facebook, kritisk mot vad han tyckte var ytliga inl\u00e4gg. S\u00e5dant kan man f\u00f6rst\u00e5s h\u00e5lla med om ibland och ondg\u00f6ra sig \u00f6ver om man har den l\u00e4ggningen. Vem har inte sett svamparna, katterna, hundarna, f\u00f6tterna mot utl\u00e4ndsk sandstrand, den nyserverade maten &amp; ett glas r\u00f6tt? Vem har &hellip; <a href=\"https:\/\/sven-ove.nu\/?p=6329\" class=\"more-link\">Forts\u00e4tt l\u00e4sa <span class=\"screen-reader-text\">&#8221;Bekr\u00e4ftelsebehovet m\u00e5ste vara stort hos m\u00e5nga&#8221;<\/span><\/a><\/p>\n","protected":false},"author":1,"featured_media":0,"comment_status":"open","ping_status":"open","sticky":false,"template":"","format":"standard","meta":{"_crdt_document":"","_monsterinsights_skip_tracking":false,"_monsterinsights_sitenote_active":false,"_monsterinsights_sitenote_note":"","_monsterinsights_sitenote_category":0,"footnotes":""},"categories":[10,4],"tags":[18],"class_list":["post-6329","post","type-post","status-publish","format-standard","hentry","category-familjen","category-skrivande","tag-lardomar"],"_links":{"self":[{"href":"https:\/\/sven-ove.nu\/index.php?rest_route=\/wp\/v2\/posts\/6329","targetHints":{"allow":["GET"]}}],"collection":[{"href":"https:\/\/sven-ove.nu\/index.php?rest_route=\/wp\/v2\/posts"}],"about":[{"href":"https:\/\/sven-ove.nu\/index.php?rest_route=\/wp\/v2\/types\/post"}],"author":[{"embeddable":true,"href":"https:\/\/sven-ove.nu\/index.php?rest_route=\/wp\/v2\/users\/1"}],"replies":[{"embeddable":true,"href":"https:\/\/sven-ove.nu\/index.php?rest_route=%2Fwp%2Fv2%2Fcomments&post=6329"}],"version-history":[{"count":4,"href":"https:\/\/sven-ove.nu\/index.php?rest_route=\/wp\/v2\/posts\/6329\/revisions"}],"predecessor-version":[{"id":6334,"href":"https:\/\/sven-ove.nu\/index.php?rest_route=\/wp\/v2\/posts\/6329\/revisions\/6334"}],"wp:attachment":[{"href":"https:\/\/sven-ove.nu\/index.php?rest_route=%2Fwp%2Fv2%2Fmedia&parent=6329"}],"wp:term":[{"taxonomy":"category","embeddable":true,"href":"https:\/\/sven-ove.nu\/index.php?rest_route=%2Fwp%2Fv2%2Fcategories&post=6329"},{"taxonomy":"post_tag","embeddable":true,"href":"https:\/\/sven-ove.nu\/index.php?rest_route=%2Fwp%2Fv2%2Ftags&post=6329"}],"curies":[{"name":"wp","href":"https:\/\/api.w.org\/{rel}","templated":true}]}}