{"id":6385,"date":"2013-08-12T03:00:05","date_gmt":"2013-08-12T02:00:05","guid":{"rendered":"http:\/\/sven-ove.nu\/?p=6385"},"modified":"2013-08-11T20:22:26","modified_gmt":"2013-08-11T19:22:26","slug":"tur-i-etiopien","status":"publish","type":"post","link":"https:\/\/sven-ove.nu\/?p=6385","title":{"rendered":"Tur i Etiopien"},"content":{"rendered":"<p>438 dagar var de f\u00e5ngna och s\u00e5g medf\u00e5ngar d\u00f6. V\u00e4rlden beh\u00f6ver journalister som g\u00e5r in d\u00e4r makthavarna inte vill att fr\u00e5gvist folk ska g\u00e5 in. Det har deras kolleger f\u00e5tt lov att g\u00f6ra i l\u00e5nga tider, n\u00e4r sanningen skulle fram.<\/p>\n<p>438 dagar. Etiopiskt f\u00e4ngelse. Makthavare med blod p\u00e5 h\u00e4nderna brukar vara r\u00e4dda f\u00f6r att sl\u00e4ppa ordet fritt.<\/p>\n<p><a href=\"https:\/\/sven-ove.nu\/wp-content\/uploads\/2013\/08\/Tur-med-v\u00e4dret1.jpg\"><img loading=\"lazy\" decoding=\"async\" class=\"alignright size-medium wp-image-6388\" title=\"Tur med v\u00e4dret\" src=\"https:\/\/sven-ove.nu\/wp-content\/uploads\/2013\/08\/Tur-med-v\u00e4dret1-225x300.jpg\" alt=\"\" width=\"225\" height=\"300\" srcset=\"https:\/\/sven-ove.nu\/wp-content\/uploads\/2013\/08\/Tur-med-v\u00e4dret1-225x300.jpg 225w, https:\/\/sven-ove.nu\/wp-content\/uploads\/2013\/08\/Tur-med-v\u00e4dret1-768x1024.jpg 768w, https:\/\/sven-ove.nu\/wp-content\/uploads\/2013\/08\/Tur-med-v\u00e4dret1.jpg 1200w\" sizes=\"auto, (max-width: 225px) 100vw, 225px\" \/><\/a>Nu finns de b\u00e5das ord och bilder trots allt i senaste numret av <strong><a href=\"http:\/\/magasinetfilter.se\" target=\"_blank\">Filter<\/a><\/strong> (\u201dl\u00e4smagasin f\u00f6r nyfikna\u201d) och snart kommer boken. <strong><a href=\"http:\/\/www.svt.se\/nyheter\/sverige\/live-presskonferens-med-persson-och-schibbye\" target=\"_blank\">Johan Persson<\/a><\/strong> och <strong><a href=\"http:\/\/www.svt.se\/nyheter\/sverige\/live-presskonferens-med-persson-och-schibbye\" target=\"_blank\">Martin Schibbye<\/a><\/strong> ber\u00e4ttar om reportaget som inte blev som det var t\u00e4nkt.<\/p>\n<p>Rubriken?<br \/>\n<em>\u201dVi hade i alla fall tur med v\u00e4dret\u201d.<\/em><\/p>\n<p>&nbsp;<\/p>\n<p><strong>L\u00e4nk: <\/strong><a href=\"http:\/\/sverigesradio.se\/sida\/avsnitt\/224000?programid=2071\">Sommar i P1 med Martin Schibbye och Johan Persson<\/a> (10 augusti 2013).<\/p>\n","protected":false},"excerpt":{"rendered":"<p>438 dagar var de f\u00e5ngna och s\u00e5g medf\u00e5ngar d\u00f6. V\u00e4rlden beh\u00f6ver journalister som g\u00e5r in d\u00e4r makthavarna inte vill att fr\u00e5gvist folk ska g\u00e5 in. Det har deras kolleger f\u00e5tt lov att g\u00f6ra i l\u00e5nga tider, n\u00e4r sanningen skulle fram. 438 dagar. Etiopiskt f\u00e4ngelse. Makthavare med blod p\u00e5 h\u00e4nderna brukar vara r\u00e4dda f\u00f6r att sl\u00e4ppa &hellip; <a href=\"https:\/\/sven-ove.nu\/?p=6385\" class=\"more-link\">Forts\u00e4tt l\u00e4sa <span class=\"screen-reader-text\">Tur i Etiopien<\/span><\/a><\/p>\n","protected":false},"author":1,"featured_media":0,"comment_status":"open","ping_status":"open","sticky":false,"template":"","format":"standard","meta":{"_crdt_document":"","_monsterinsights_skip_tracking":false,"_monsterinsights_sitenote_active":false,"_monsterinsights_sitenote_note":"","_monsterinsights_sitenote_category":0,"footnotes":""},"categories":[9,4],"tags":[14,15,21,17],"class_list":["post-6385","post","type-post","status-publish","format-standard","hentry","category-politik","category-skrivande","tag-lasning","tag-mediedjungeln","tag-ord","tag-solidaritet"],"_links":{"self":[{"href":"https:\/\/sven-ove.nu\/index.php?rest_route=\/wp\/v2\/posts\/6385","targetHints":{"allow":["GET"]}}],"collection":[{"href":"https:\/\/sven-ove.nu\/index.php?rest_route=\/wp\/v2\/posts"}],"about":[{"href":"https:\/\/sven-ove.nu\/index.php?rest_route=\/wp\/v2\/types\/post"}],"author":[{"embeddable":true,"href":"https:\/\/sven-ove.nu\/index.php?rest_route=\/wp\/v2\/users\/1"}],"replies":[{"embeddable":true,"href":"https:\/\/sven-ove.nu\/index.php?rest_route=%2Fwp%2Fv2%2Fcomments&post=6385"}],"version-history":[{"count":12,"href":"https:\/\/sven-ove.nu\/index.php?rest_route=\/wp\/v2\/posts\/6385\/revisions"}],"predecessor-version":[{"id":6412,"href":"https:\/\/sven-ove.nu\/index.php?rest_route=\/wp\/v2\/posts\/6385\/revisions\/6412"}],"wp:attachment":[{"href":"https:\/\/sven-ove.nu\/index.php?rest_route=%2Fwp%2Fv2%2Fmedia&parent=6385"}],"wp:term":[{"taxonomy":"category","embeddable":true,"href":"https:\/\/sven-ove.nu\/index.php?rest_route=%2Fwp%2Fv2%2Fcategories&post=6385"},{"taxonomy":"post_tag","embeddable":true,"href":"https:\/\/sven-ove.nu\/index.php?rest_route=%2Fwp%2Fv2%2Ftags&post=6385"}],"curies":[{"name":"wp","href":"https:\/\/api.w.org\/{rel}","templated":true}]}}