{"id":6398,"date":"2013-08-13T03:00:49","date_gmt":"2013-08-13T02:00:49","guid":{"rendered":"http:\/\/sven-ove.nu\/?p=6398"},"modified":"2013-08-13T21:53:20","modified_gmt":"2013-08-13T20:53:20","slug":"en-dag-pa-jobbet","status":"publish","type":"post","link":"https:\/\/sven-ove.nu\/?p=6398","title":{"rendered":"En dag p\u00e5 jobbet"},"content":{"rendered":"<p>St\u00e5r vid jobbdatorn igen. I \u00e5r kom jag ih\u00e5g l\u00f6senordet efter semestern. Det \u00e4r en lycka att ha ett jobb att g\u00e5 till. Visst, du s\u00e4ljer din arbetskraft f\u00f6r att f\u00e5 ihop till frukostfilen. Vem g\u00f6r inte det? Vi s\u00e4ljer v\u00e5ra musklers och hj\u00e4rncellers konster och f\u00f6rm\u00e5gor.<\/p>\n<p>Vi som kan.<\/p>\n<p style=\"padding-left: 30px;\"><strong>Alldeles f\u00f6r m\u00e5nga kan inte. Arbetsk\u00f6parnas marknad har inte plats f\u00f6r 484 000 svenskar. S\u00e5 m\u00e5nga var <a href=\"http:\/\/www.scb.se\/Pages\/PressRelease____360200.aspx\">arbetsl\u00f6sa<\/a> i juni m\u00e5nad. 9,1 procent. Bland svenska ungdomar i \u00e5ldern 15-24 \u00e5r var 236 000 <a href=\"http:\/\/www.scb.se\/Pages\/TermsDefinitions____348459.aspx\">arbetsl\u00f6sa<\/a>. 29 procent.<\/strong><\/p>\n<p>De dr\u00f6mmer om en dag p\u00e5 jobbet och ett l\u00f6senord att gl\u00f6mma bort.<\/p>\n<p><strong><a href=\"https:\/\/sven-ove.nu\/wp-content\/uploads\/2013\/08\/Minns2.jpg\"><img loading=\"lazy\" decoding=\"async\" class=\"alignright size-medium wp-image-6406\" title=\"Minns\" src=\"https:\/\/sven-ove.nu\/wp-content\/uploads\/2013\/08\/Minns2-300x225.jpg\" alt=\"\" width=\"300\" height=\"225\" srcset=\"https:\/\/sven-ove.nu\/wp-content\/uploads\/2013\/08\/Minns2-300x225.jpg 300w, https:\/\/sven-ove.nu\/wp-content\/uploads\/2013\/08\/Minns2-1024x768.jpg 1024w\" sizes=\"auto, (max-width: 300px) 100vw, 300px\" \/><\/a>Hata arbetsl\u00f6sheten<\/strong><br \/>\nN\u00e4r jag var ung journalist intervjuade jag ibland nyblivna pension\u00e4rer. Alla ber\u00e4ttade hur de b\u00f6rjat arbeta som 12-\u00e5ringar, 13-\u00e5ringar, 14-\u00e5ringar. Den \u00e5ldern. De f\u00f6ljde med pappa till skogen, de blev lilldr\u00e4ngar eller pigor hos n\u00e5gon granne, de blev str\u00f6pojkar p\u00e5 ett s\u00e5gverk. Stolta ber\u00e4ttade de om slitet.<\/p>\n<p>Vilken stolthet f\u00e5r den arbetsl\u00f6se 28-\u00e5ringen? Hon eller han som g\u00e5tt fr\u00e5n skolb\u00e4nken till ett liv i arbetsl\u00f6shet.\u00a0<em>\u201dN\u00e4r jag blev 20 gick jag ut i min f\u00f6rsta \u00e5tg\u00e4rd\u201d.<\/em><\/p>\n<p style=\"padding-left: 30px;\"><strong>Hata arbetsl\u00f6sheten. Hata ett system och en politik som tj\u00e4nar p\u00e5 att skapa en arm\u00e9 av arbetsl\u00f6sa f\u00f6r att pressa ner l\u00f6nerna. Dela b\u00e4ttre p\u00e5 jobben. Satsa p\u00e5 offentliga sysslor som beh\u00f6ver utf\u00f6ras. Bygg h\u00e5llbarare j\u00e4rnv\u00e4gar, anst\u00e4ll fler personal i f\u00f6rskolan, l\u00e5t v\u00e5rdens folk hinna andas.<\/strong><\/p>\n<p><strong> <\/strong><\/p>\n<p style=\"padding-left: 30px;\"><strong>Ropen skalla, inloggning \u00e5t alla.<\/strong><\/p>\n","protected":false},"excerpt":{"rendered":"<p>St\u00e5r vid jobbdatorn igen. I \u00e5r kom jag ih\u00e5g l\u00f6senordet efter semestern. Det \u00e4r en lycka att ha ett jobb att g\u00e5 till. Visst, du s\u00e4ljer din arbetskraft f\u00f6r att f\u00e5 ihop till frukostfilen. Vem g\u00f6r inte det? Vi s\u00e4ljer v\u00e5ra musklers och hj\u00e4rncellers konster och f\u00f6rm\u00e5gor. Vi som kan. Alldeles f\u00f6r m\u00e5nga kan inte. &hellip; <a href=\"https:\/\/sven-ove.nu\/?p=6398\" class=\"more-link\">Forts\u00e4tt l\u00e4sa <span class=\"screen-reader-text\">En dag p\u00e5 jobbet<\/span><\/a><\/p>\n","protected":false},"author":1,"featured_media":0,"comment_status":"open","ping_status":"open","sticky":false,"template":"","format":"standard","meta":{"_crdt_document":"","_monsterinsights_skip_tracking":false,"_monsterinsights_sitenote_active":false,"_monsterinsights_sitenote_note":"","_monsterinsights_sitenote_category":0,"footnotes":""},"categories":[9],"tags":[3,8,24],"class_list":["post-6398","post","type-post","status-publish","format-standard","hentry","category-politik","tag-arbete","tag-historia","tag-karlek"],"_links":{"self":[{"href":"https:\/\/sven-ove.nu\/index.php?rest_route=\/wp\/v2\/posts\/6398","targetHints":{"allow":["GET"]}}],"collection":[{"href":"https:\/\/sven-ove.nu\/index.php?rest_route=\/wp\/v2\/posts"}],"about":[{"href":"https:\/\/sven-ove.nu\/index.php?rest_route=\/wp\/v2\/types\/post"}],"author":[{"embeddable":true,"href":"https:\/\/sven-ove.nu\/index.php?rest_route=\/wp\/v2\/users\/1"}],"replies":[{"embeddable":true,"href":"https:\/\/sven-ove.nu\/index.php?rest_route=%2Fwp%2Fv2%2Fcomments&post=6398"}],"version-history":[{"count":10,"href":"https:\/\/sven-ove.nu\/index.php?rest_route=\/wp\/v2\/posts\/6398\/revisions"}],"predecessor-version":[{"id":6431,"href":"https:\/\/sven-ove.nu\/index.php?rest_route=\/wp\/v2\/posts\/6398\/revisions\/6431"}],"wp:attachment":[{"href":"https:\/\/sven-ove.nu\/index.php?rest_route=%2Fwp%2Fv2%2Fmedia&parent=6398"}],"wp:term":[{"taxonomy":"category","embeddable":true,"href":"https:\/\/sven-ove.nu\/index.php?rest_route=%2Fwp%2Fv2%2Fcategories&post=6398"},{"taxonomy":"post_tag","embeddable":true,"href":"https:\/\/sven-ove.nu\/index.php?rest_route=%2Fwp%2Fv2%2Ftags&post=6398"}],"curies":[{"name":"wp","href":"https:\/\/api.w.org\/{rel}","templated":true}]}}