{"id":6414,"date":"2013-08-14T03:00:11","date_gmt":"2013-08-14T02:00:11","guid":{"rendered":"http:\/\/sven-ove.nu\/?p=6414"},"modified":"2013-08-13T15:26:26","modified_gmt":"2013-08-13T14:26:26","slug":"stuff-moderaterna-did","status":"publish","type":"post","link":"https:\/\/sven-ove.nu\/?p=6414","title":{"rendered":"#Stuff moderaterna did"},"content":{"rendered":"<p>I moderatpolitikern Ann\u00e9tthe Zettergrens v\u00e4rld har sjukv\u00e5rden <a href=\"http:\/\/www.vf.se\/nyheter\/karlstad\/zettergren-forvaxlade-sin-sambo\" target=\"_blank\">byggts ut<\/a> kraftigt i norra V\u00e4rmland.<\/p>\n<p>Sjukgymnastik till varenda nordv\u00e4rml\u00e4nning, vare sig de m\u00e4rker det eller inte.<\/p>\n<p>Akupunktur den 30 februari, ett datum som inte ens fanns f\u00f6rr\u00e4n hon stack till sig sj\u00e4lv, ja du vet vad hon stack till sig innan hon stack och vad det var f\u00f6r st\u00e4lle hon stack till med det hon hade stuckit till sig n\u00e4r hon l\u00e5tsades sticka de som inte fanns, p\u00e5 st\u00e4llen de inte hade en aning om att hon stack dem p\u00e5, det d\u00e4r obefintliga datumet som hon skrev in i de<br \/>\njournaler som inte heller f\u00f6rekom.<\/p>\n<p style=\"padding-left: 30px;\"><em>Snabba st\u00e5lar.<br \/>\n<\/em><em>Vassa l\u00e5tsasn\u00e5lar.<br \/>\n<\/em><em>Sticka, stack, stuckit till sig, sugit ut det g\u00f4ttaste ur den offentliga sektor hon inte ville ha men g\u00e4rna tog miljoner av i alla fall, n\u00e4r den nu \u00e4nd\u00e5 stack dem till\u2019na.<\/em><\/p>\n<p>Sl\u00e5 den v\u00e4rstingresan om du kan.<br \/>\nDen b\u00f6rjar med en syn\u00e5l.<\/p>\n<p>&nbsp;<\/p>\n<p><a href=\"https:\/\/sven-ove.nu\/wp-content\/uploads\/2013\/08\/Moln-\u00f6ver-Grossbolstorp2.jpg\"><img loading=\"lazy\" decoding=\"async\" class=\"alignleft size-thumbnail wp-image-6425\" title=\"Moln \u00f6ver Grossbolstorp\" src=\"https:\/\/sven-ove.nu\/wp-content\/uploads\/2013\/08\/Moln-\u00f6ver-Grossbolstorp2-150x150.jpg\" alt=\"\" width=\"150\" height=\"150\" \/><\/a><\/p>\n<p>&nbsp;<\/p>\n<p>&nbsp;<\/p>\n<p>&nbsp;<\/p>\n<p>&nbsp;<\/p>\n","protected":false},"excerpt":{"rendered":"<p>I moderatpolitikern Ann\u00e9tthe Zettergrens v\u00e4rld har sjukv\u00e5rden byggts ut kraftigt i norra V\u00e4rmland. Sjukgymnastik till varenda nordv\u00e4rml\u00e4nning, vare sig de m\u00e4rker det eller inte. Akupunktur den 30 februari, ett datum som inte ens fanns f\u00f6rr\u00e4n hon stack till sig sj\u00e4lv, ja du vet vad hon stack till sig innan hon stack och vad det var &hellip; <a href=\"https:\/\/sven-ove.nu\/?p=6414\" class=\"more-link\">Forts\u00e4tt l\u00e4sa <span class=\"screen-reader-text\">#Stuff moderaterna did<\/span><\/a><\/p>\n","protected":false},"author":1,"featured_media":0,"comment_status":"open","ping_status":"open","sticky":false,"template":"","format":"standard","meta":{"_crdt_document":"","_monsterinsights_skip_tracking":false,"_monsterinsights_sitenote_active":false,"_monsterinsights_sitenote_note":"","_monsterinsights_sitenote_category":0,"footnotes":""},"categories":[9],"tags":[16],"class_list":["post-6414","post","type-post","status-publish","format-standard","hentry","category-politik","tag-dumheter"],"_links":{"self":[{"href":"https:\/\/sven-ove.nu\/index.php?rest_route=\/wp\/v2\/posts\/6414","targetHints":{"allow":["GET"]}}],"collection":[{"href":"https:\/\/sven-ove.nu\/index.php?rest_route=\/wp\/v2\/posts"}],"about":[{"href":"https:\/\/sven-ove.nu\/index.php?rest_route=\/wp\/v2\/types\/post"}],"author":[{"embeddable":true,"href":"https:\/\/sven-ove.nu\/index.php?rest_route=\/wp\/v2\/users\/1"}],"replies":[{"embeddable":true,"href":"https:\/\/sven-ove.nu\/index.php?rest_route=%2Fwp%2Fv2%2Fcomments&post=6414"}],"version-history":[{"count":11,"href":"https:\/\/sven-ove.nu\/index.php?rest_route=\/wp\/v2\/posts\/6414\/revisions"}],"predecessor-version":[{"id":6429,"href":"https:\/\/sven-ove.nu\/index.php?rest_route=\/wp\/v2\/posts\/6414\/revisions\/6429"}],"wp:attachment":[{"href":"https:\/\/sven-ove.nu\/index.php?rest_route=%2Fwp%2Fv2%2Fmedia&parent=6414"}],"wp:term":[{"taxonomy":"category","embeddable":true,"href":"https:\/\/sven-ove.nu\/index.php?rest_route=%2Fwp%2Fv2%2Fcategories&post=6414"},{"taxonomy":"post_tag","embeddable":true,"href":"https:\/\/sven-ove.nu\/index.php?rest_route=%2Fwp%2Fv2%2Ftags&post=6414"}],"curies":[{"name":"wp","href":"https:\/\/api.w.org\/{rel}","templated":true}]}}