{"id":6450,"date":"2013-08-19T03:00:07","date_gmt":"2013-08-19T02:00:07","guid":{"rendered":"http:\/\/sven-ove.nu\/?p=6450"},"modified":"2013-08-18T15:34:51","modified_gmt":"2013-08-18T14:34:51","slug":"arliga-augustikanslor","status":"publish","type":"post","link":"https:\/\/sven-ove.nu\/?p=6450","title":{"rendered":"\u00c5rliga augustik\u00e4nslor"},"content":{"rendered":"<p>Augusti, du mystiska. Sommarnatten letar fram sin tr\u00f6ja, ljuden \u00e4r nya och p\u00e5 dagarna har vi sk\u00f6rdat. Hallon, kantareller och sommarminnen.<\/p>\n<p>Mystisk \u00e4r du. Hur g\u00f6r du f\u00f6r att s\u00e4tta i g\u00e5ng alla k\u00e4nslor? Vemod och gl\u00e4dje, skolstart och projektb\u00f6rjor, lust att bli f\u00e4rdig med m\u00e4ktiga altan- och romanbyggen. Lust att sitta i m\u00f6rkret och lyssna. Den pirrande k\u00e4nslan av hur n\u00e5got strax ska ta slut.<\/p>\n<p>Snart har sommaren lekt f\u00e4rdigt. Snart men inte riktigt \u00e4n. Vill du f\u00f6lja med och bada en sista g\u00e5ng? Ska vi ta en svamprunda, den korta rundan?<\/p>\n<p>I morgon kommer drivisen. D\u00e5 blir det roligt.<\/p>\n","protected":false},"excerpt":{"rendered":"<p>Augusti, du mystiska. Sommarnatten letar fram sin tr\u00f6ja, ljuden \u00e4r nya och p\u00e5 dagarna har vi sk\u00f6rdat. Hallon, kantareller och sommarminnen. Mystisk \u00e4r du. Hur g\u00f6r du f\u00f6r att s\u00e4tta i g\u00e5ng alla k\u00e4nslor? Vemod och gl\u00e4dje, skolstart och projektb\u00f6rjor, lust att bli f\u00e4rdig med m\u00e4ktiga altan- och romanbyggen. Lust att sitta i m\u00f6rkret och &hellip; <a href=\"https:\/\/sven-ove.nu\/?p=6450\" class=\"more-link\">Forts\u00e4tt l\u00e4sa <span class=\"screen-reader-text\">\u00c5rliga augustik\u00e4nslor<\/span><\/a><\/p>\n","protected":false},"author":1,"featured_media":0,"comment_status":"open","ping_status":"open","sticky":false,"template":"","format":"standard","meta":{"_crdt_document":"","_monsterinsights_skip_tracking":false,"_monsterinsights_sitenote_active":false,"_monsterinsights_sitenote_note":"","_monsterinsights_sitenote_category":0,"footnotes":""},"categories":[6],"tags":[24],"class_list":["post-6450","post","type-post","status-publish","format-standard","hentry","category-natur","tag-karlek"],"_links":{"self":[{"href":"https:\/\/sven-ove.nu\/index.php?rest_route=\/wp\/v2\/posts\/6450","targetHints":{"allow":["GET"]}}],"collection":[{"href":"https:\/\/sven-ove.nu\/index.php?rest_route=\/wp\/v2\/posts"}],"about":[{"href":"https:\/\/sven-ove.nu\/index.php?rest_route=\/wp\/v2\/types\/post"}],"author":[{"embeddable":true,"href":"https:\/\/sven-ove.nu\/index.php?rest_route=\/wp\/v2\/users\/1"}],"replies":[{"embeddable":true,"href":"https:\/\/sven-ove.nu\/index.php?rest_route=%2Fwp%2Fv2%2Fcomments&post=6450"}],"version-history":[{"count":1,"href":"https:\/\/sven-ove.nu\/index.php?rest_route=\/wp\/v2\/posts\/6450\/revisions"}],"predecessor-version":[{"id":6451,"href":"https:\/\/sven-ove.nu\/index.php?rest_route=\/wp\/v2\/posts\/6450\/revisions\/6451"}],"wp:attachment":[{"href":"https:\/\/sven-ove.nu\/index.php?rest_route=%2Fwp%2Fv2%2Fmedia&parent=6450"}],"wp:term":[{"taxonomy":"category","embeddable":true,"href":"https:\/\/sven-ove.nu\/index.php?rest_route=%2Fwp%2Fv2%2Fcategories&post=6450"},{"taxonomy":"post_tag","embeddable":true,"href":"https:\/\/sven-ove.nu\/index.php?rest_route=%2Fwp%2Fv2%2Ftags&post=6450"}],"curies":[{"name":"wp","href":"https:\/\/api.w.org\/{rel}","templated":true}]}}