{"id":6502,"date":"2013-08-26T16:00:15","date_gmt":"2013-08-26T15:00:15","guid":{"rendered":"http:\/\/sven-ove.nu\/?p=6502"},"modified":"2013-08-26T17:44:09","modified_gmt":"2013-08-26T16:44:09","slug":"en-brand-sjal-i-en-brand-kropp","status":"publish","type":"post","link":"https:\/\/sven-ove.nu\/?p=6502","title":{"rendered":"En br\u00e4nd sj\u00e4l i en br\u00e4nd kropp"},"content":{"rendered":"<p>En 14-\u00e5rig elev p\u00e5 \u00f6verklassens skola Lundsberg fick f\u00f6ras till Karlskoga lasarett, d\u00e4refter till Centralsjukhuset i Karlstad och slutligen till universitetssjukhuset i \u00d6rebro. Detta efter att ha misshandlats av nio andra, \u00e4ldre \u00f6verklasskoleelever i l\u00f6rdags, skriver <a href=\"http:\/\/www.svd.se\/nyheter\/inrikes\/ytterligare-elev-brand-pa-lundsberg_8455638.svd\" target=\"_blank\">tidningarna<\/a>. Bland annat anv\u00e4ndes strykj\u00e4rn vid den s\u00e5 kallade nollningen.<\/p>\n<p>S\u00e5dan \u00e4r \u00f6verklassens diskreta charm numera, sedan elektrifieringen n\u00e5tt dem. Nollor br\u00e4nner den med j\u00e4rn.<\/p>\n<p style=\"padding-left: 30px;\"><strong>Lundsberg har f\u00e5tt m\u00e5nga varningar men nu r\u00e4cker det. L\u00e4gg ner Lundsbergs skola. S\u00e4tt mobbarna till att riva skolan sj\u00e4lva, utan verktyg. Sedan kan de hugga skog i Norrland och bygga j\u00e4rnv\u00e4g i V\u00e4rmland tills de har blivit folk.<\/strong><\/p>\n<p>Det kan komma att ta ett tag.<\/p>\n<p>&nbsp;<\/p>\n<p><a href=\"http:\/\/www.svd.se\/nyheter\/inrikes\/elever-branda-pa-lundsbergs-nollning_8455638.svd\" target=\"_blank\"><img loading=\"lazy\" decoding=\"async\" class=\"alignleft size-thumbnail wp-image-6503\" title=\"Elev br\u00e4nd\" src=\"https:\/\/sven-ove.nu\/wp-content\/uploads\/2013\/08\/Elev-br\u00e4nd-150x150.jpg\" alt=\"\" width=\"150\" height=\"150\" \/><\/a><a href=\"https:\/\/sven-ove.nu\/wp-content\/uploads\/2013\/08\/Olycksh\u00e4ndelse.jpg\"><img loading=\"lazy\" decoding=\"async\" class=\"alignleft size-thumbnail wp-image-6504\" title=\"Olycksh\u00e4ndelse\" src=\"https:\/\/sven-ove.nu\/wp-content\/uploads\/2013\/08\/Olycksh\u00e4ndelse-150x150.jpg\" alt=\"\" width=\"150\" height=\"150\" \/><\/a><a href=\"https:\/\/sven-ove.nu\/wp-content\/uploads\/2013\/08\/Strykj\u00e4rn.jpg\"><img loading=\"lazy\" decoding=\"async\" class=\"alignleft size-thumbnail wp-image-6505\" title=\"Strykj\u00e4rn\" src=\"https:\/\/sven-ove.nu\/wp-content\/uploads\/2013\/08\/Strykj\u00e4rn-150x150.jpg\" alt=\"\" width=\"150\" height=\"150\" \/><\/a><\/p>\n<p>&nbsp;<\/p>\n<p>&nbsp;<\/p>\n<p>&nbsp;<\/p>\n<p>&nbsp;<\/p>\n<p><em>Skolrapporter i media, 26 augusti 2013.<\/em><\/p>\n","protected":false},"excerpt":{"rendered":"<p>En 14-\u00e5rig elev p\u00e5 \u00f6verklassens skola Lundsberg fick f\u00f6ras till Karlskoga lasarett, d\u00e4refter till Centralsjukhuset i Karlstad och slutligen till universitetssjukhuset i \u00d6rebro. Detta efter att ha misshandlats av nio andra, \u00e4ldre \u00f6verklasskoleelever i l\u00f6rdags, skriver tidningarna. Bland annat anv\u00e4ndes strykj\u00e4rn vid den s\u00e5 kallade nollningen. S\u00e5dan \u00e4r \u00f6verklassens diskreta charm numera, sedan elektrifieringen n\u00e5tt &hellip; <a href=\"https:\/\/sven-ove.nu\/?p=6502\" class=\"more-link\">Forts\u00e4tt l\u00e4sa <span class=\"screen-reader-text\">En br\u00e4nd sj\u00e4l i en br\u00e4nd kropp<\/span><\/a><\/p>\n","protected":false},"author":1,"featured_media":0,"comment_status":"open","ping_status":"open","sticky":false,"template":"","format":"standard","meta":{"_crdt_document":"","_monsterinsights_skip_tracking":false,"_monsterinsights_sitenote_active":false,"_monsterinsights_sitenote_note":"","_monsterinsights_sitenote_category":0,"footnotes":""},"categories":[9],"tags":[16,20],"class_list":["post-6502","post","type-post","status-publish","format-standard","hentry","category-politik","tag-dumheter","tag-rad"],"_links":{"self":[{"href":"https:\/\/sven-ove.nu\/index.php?rest_route=\/wp\/v2\/posts\/6502","targetHints":{"allow":["GET"]}}],"collection":[{"href":"https:\/\/sven-ove.nu\/index.php?rest_route=\/wp\/v2\/posts"}],"about":[{"href":"https:\/\/sven-ove.nu\/index.php?rest_route=\/wp\/v2\/types\/post"}],"author":[{"embeddable":true,"href":"https:\/\/sven-ove.nu\/index.php?rest_route=\/wp\/v2\/users\/1"}],"replies":[{"embeddable":true,"href":"https:\/\/sven-ove.nu\/index.php?rest_route=%2Fwp%2Fv2%2Fcomments&post=6502"}],"version-history":[{"count":8,"href":"https:\/\/sven-ove.nu\/index.php?rest_route=\/wp\/v2\/posts\/6502\/revisions"}],"predecessor-version":[{"id":6513,"href":"https:\/\/sven-ove.nu\/index.php?rest_route=\/wp\/v2\/posts\/6502\/revisions\/6513"}],"wp:attachment":[{"href":"https:\/\/sven-ove.nu\/index.php?rest_route=%2Fwp%2Fv2%2Fmedia&parent=6502"}],"wp:term":[{"taxonomy":"category","embeddable":true,"href":"https:\/\/sven-ove.nu\/index.php?rest_route=%2Fwp%2Fv2%2Fcategories&post=6502"},{"taxonomy":"post_tag","embeddable":true,"href":"https:\/\/sven-ove.nu\/index.php?rest_route=%2Fwp%2Fv2%2Ftags&post=6502"}],"curies":[{"name":"wp","href":"https:\/\/api.w.org\/{rel}","templated":true}]}}