{"id":6531,"date":"2013-08-31T03:00:49","date_gmt":"2013-08-31T02:00:49","guid":{"rendered":"http:\/\/sven-ove.nu\/?p=6531"},"modified":"2013-08-29T19:50:16","modified_gmt":"2013-08-29T18:50:16","slug":"fullt-med-intryck-redan-pa-morgonen","status":"publish","type":"post","link":"https:\/\/sven-ove.nu\/?p=6531","title":{"rendered":"Fullt med intryck redan p\u00e5 morgonen"},"content":{"rendered":"<p><a href=\"https:\/\/sven-ove.nu\/wp-content\/uploads\/2013\/08\/G\u00f6r-intryck.jpg\"><img loading=\"lazy\" decoding=\"async\" class=\"alignleft size-full wp-image-6533\" title=\"G\u00f6r intryck\" src=\"https:\/\/sven-ove.nu\/wp-content\/uploads\/2013\/08\/G\u00f6r-intryck.jpg\" alt=\"\" width=\"640\" height=\"251\" srcset=\"https:\/\/sven-ove.nu\/wp-content\/uploads\/2013\/08\/G\u00f6r-intryck.jpg 640w, https:\/\/sven-ove.nu\/wp-content\/uploads\/2013\/08\/G\u00f6r-intryck-300x117.jpg 300w\" sizes=\"auto, (max-width: 640px) 100vw, 640px\" \/><\/a><\/p>\n<p>Hela tiden str\u00f6mmar intrycken \u00f6ver en. Undra p\u00e5 att folk \u00e4r stressade ibland. En helt vanlig augustimorgon g\u00e5r solen upp\u00a0och skickar str\u00e5lar in genom persiennerna, luften blir varmare, n\u00e4r vi \u00f6ppnar\u00a0altand\u00f6rren h\u00f6rs n\u00f6tv\u00e4ckorna tr\u00e4ta, p\u00e5 andra sidan b\u00e4cken st\u00e5r tre ljusbruna r\u00e5djur och tittar p\u00e5 mig, snart b\u00f6rjar svalorna pila och skria, tv\u00e5 skator kraxar och l\u00e5gflyger \u00f6ver\u00a0oklippt gr\u00e4smatta, en s\u00e4des\u00e4rla vippar stj\u00e4rt p\u00e5 g\u00e5ngv\u00e4gen och funderar \u00f6ver packningslistan inf\u00f6r f\u00e4rden till Afrika,\u00a0insekter surrar, nu flyger de n\u00e4ra ocks\u00e5, en harkrank i nacken, en annan individ med l\u00e5ngt stj\u00e4rtspr\u00f6t seglar in f\u00f6r att unders\u00f6ka glasets beskaffenhet p\u00e5 s\u00f6dra k\u00f6ksrutan inifr\u00e5n, han vill inte vara med p\u00e5 bild, i s\u00e5 fall suddig, vissa moln ser ut som ansikten, andra liknar kartor \u00f6ver l\u00e4nder, d\u00e4r borta \u00e4r Storbritannien, aspen rasslar, asken tiger, bj\u00f6rken f\u00e4ller tre gula l\u00f6v, gr\u00e4shopporna spelar, sju pilfinkar har h\u00f6stupptakt\u00a0bakom ruttna stubben, en st\u00f6rre hackspett landar och tittar lystet p\u00e5 paradis\u00e4ppeltr\u00e4det, morgondaggen \u00e4r fortfarande bl\u00f6t och solen syns i varenda droppe n\u00e4r jag g\u00e5r barfota fem steg i gr\u00e4set, rosen mot altanstolpen har vissnat, <a href=\"https:\/\/sven-ove.nu\/wp-content\/uploads\/2013\/08\/Unders\u00f6ker4.jpg\"><img loading=\"lazy\" decoding=\"async\" class=\"alignright size-medium wp-image-6542\" title=\"Unders\u00f6ker\" src=\"https:\/\/sven-ove.nu\/wp-content\/uploads\/2013\/08\/Unders\u00f6ker4-300x138.jpg\" alt=\"\" width=\"300\" height=\"138\" srcset=\"https:\/\/sven-ove.nu\/wp-content\/uploads\/2013\/08\/Unders\u00f6ker4-300x138.jpg 300w, https:\/\/sven-ove.nu\/wp-content\/uploads\/2013\/08\/Unders\u00f6ker4.jpg 320w\" sizes=\"auto, (max-width: 300px) 100vw, 300px\" \/><\/a>en n\u00f6tv\u00e4cka st\u00e5r med huvudet ner\u00a0och g\u00f6mmer mat i v\u00e5rtbj\u00f6rken, fr\u00f6n ser det ut som, nu \u00e4r hela Storbritannien i uppl\u00f6sning, svalorna komponerar musik genom att s\u00e4tta sig som noter p\u00e5 tv-antennen, jag borde ha l\u00e4rt mig noter b\u00e4ttre i fj\u00e4rde klass, pilfinkarna avslutar f\u00f6rsta m\u00f6tet i full enighet, ingen fr\u00e5gar varf\u00f6r asken tiger, solen bl\u00e4nker i skottk\u00e4rran bredvid lekstugan, r\u00e5djuren g\u00e5r vidare v\u00e4sterut med eftert\u00e4nksamma steg, n\u00e4stan som p\u00e5 tv, och snart f\u00e5r jag lov att g\u00e5 in och trycka ig\u00e5ng kaf\u2026<\/p>\n<p>Hela tiden dessa intryck.<\/p>\n","protected":false},"excerpt":{"rendered":"<p>Hela tiden str\u00f6mmar intrycken \u00f6ver en. Undra p\u00e5 att folk \u00e4r stressade ibland. En helt vanlig augustimorgon g\u00e5r solen upp\u00a0och skickar str\u00e5lar in genom persiennerna, luften blir varmare, n\u00e4r vi \u00f6ppnar\u00a0altand\u00f6rren h\u00f6rs n\u00f6tv\u00e4ckorna tr\u00e4ta, p\u00e5 andra sidan b\u00e4cken st\u00e5r tre ljusbruna r\u00e5djur och tittar p\u00e5 mig, snart b\u00f6rjar svalorna pila och skria, tv\u00e5 skator kraxar &hellip; <a href=\"https:\/\/sven-ove.nu\/?p=6531\" class=\"more-link\">Forts\u00e4tt l\u00e4sa <span class=\"screen-reader-text\">Fullt med intryck redan p\u00e5 morgonen<\/span><\/a><\/p>\n","protected":false},"author":1,"featured_media":0,"comment_status":"open","ping_status":"open","sticky":false,"template":"","format":"standard","meta":{"_crdt_document":"","_monsterinsights_skip_tracking":false,"_monsterinsights_sitenote_active":false,"_monsterinsights_sitenote_note":"","_monsterinsights_sitenote_category":0,"footnotes":""},"categories":[10,6],"tags":[24,7],"class_list":["post-6531","post","type-post","status-publish","format-standard","hentry","category-familjen","category-natur","tag-karlek","tag-miljo"],"_links":{"self":[{"href":"https:\/\/sven-ove.nu\/index.php?rest_route=\/wp\/v2\/posts\/6531","targetHints":{"allow":["GET"]}}],"collection":[{"href":"https:\/\/sven-ove.nu\/index.php?rest_route=\/wp\/v2\/posts"}],"about":[{"href":"https:\/\/sven-ove.nu\/index.php?rest_route=\/wp\/v2\/types\/post"}],"author":[{"embeddable":true,"href":"https:\/\/sven-ove.nu\/index.php?rest_route=\/wp\/v2\/users\/1"}],"replies":[{"embeddable":true,"href":"https:\/\/sven-ove.nu\/index.php?rest_route=%2Fwp%2Fv2%2Fcomments&post=6531"}],"version-history":[{"count":7,"href":"https:\/\/sven-ove.nu\/index.php?rest_route=\/wp\/v2\/posts\/6531\/revisions"}],"predecessor-version":[{"id":6557,"href":"https:\/\/sven-ove.nu\/index.php?rest_route=\/wp\/v2\/posts\/6531\/revisions\/6557"}],"wp:attachment":[{"href":"https:\/\/sven-ove.nu\/index.php?rest_route=%2Fwp%2Fv2%2Fmedia&parent=6531"}],"wp:term":[{"taxonomy":"category","embeddable":true,"href":"https:\/\/sven-ove.nu\/index.php?rest_route=%2Fwp%2Fv2%2Fcategories&post=6531"},{"taxonomy":"post_tag","embeddable":true,"href":"https:\/\/sven-ove.nu\/index.php?rest_route=%2Fwp%2Fv2%2Ftags&post=6531"}],"curies":[{"name":"wp","href":"https:\/\/api.w.org\/{rel}","templated":true}]}}