{"id":6562,"date":"2013-09-02T03:00:25","date_gmt":"2013-09-02T02:00:25","guid":{"rendered":"http:\/\/sven-ove.nu\/?p=6562"},"modified":"2013-09-01T16:48:39","modified_gmt":"2013-09-01T15:48:39","slug":"lundsbergarna-kenyanen-och-verkligheten","status":"publish","type":"post","link":"https:\/\/sven-ove.nu\/?p=6562","title":{"rendered":"Lundsbergarna, kenyanen och verkligheten"},"content":{"rendered":"<p><a href=\"https:\/\/sven-ove.nu\/wp-content\/uploads\/2013\/09\/Mandelkubb4.jpg\"><img loading=\"lazy\" decoding=\"async\" class=\"alignleft size-large wp-image-6576\" title=\"Mandelkubb\" src=\"https:\/\/sven-ove.nu\/wp-content\/uploads\/2013\/09\/Mandelkubb4-1024x768.jpg\" alt=\"\" width=\"640\" height=\"480\" srcset=\"https:\/\/sven-ove.nu\/wp-content\/uploads\/2013\/09\/Mandelkubb4-1024x768.jpg 1024w, https:\/\/sven-ove.nu\/wp-content\/uploads\/2013\/09\/Mandelkubb4-300x225.jpg 300w, https:\/\/sven-ove.nu\/wp-content\/uploads\/2013\/09\/Mandelkubb4.jpg 1600w\" sizes=\"auto, (max-width: 640px) 100vw, 640px\" \/><\/a><\/p>\n<p>Sagt om Lundsberg:<\/p>\n<p><strong>&#8211; Ett pojkstreck.<\/strong><br \/>\n<em>(Lundsbergs styrelsemedlem Ulf Rehnmark om br\u00e4nnm\u00e4rkning av yngre kamrat med hj\u00e4lp av strykj\u00e4rn).<\/em><\/p>\n<p><strong>&#8211; Den st\u00f6rsta kr\u00e4nkningen som en myndighet har gjort fram tills i dag.<\/strong><br \/>\n<em>(Galenskaparen och Lundsbergsf\u00f6r\u00e4ldern Jan Rippe om st\u00e4ngningen av skolan).<\/em><\/p>\n<p><strong>&#8211; En sund sj\u00e4l i en sund kropp.<\/strong><br \/>\n<em>(Skolans motto).<\/em><\/p>\n<p>Orden f\u00e5r mig att t\u00e4nka p\u00e5 n\u00e4r jag stod nyduschad och naken framf\u00f6r spegeln efter en tr\u00e4ningsrunda och sa till den k\u00e4ra v\u00e4nnen att vi grossbolstorpare, vi \u00e4r V\u00e4rmlands<br \/>\nkenyaner vi. Jag s\u00e5g ju det framf\u00f6r mig: en lagom brun karl, l\u00e5ng och smal men med starka ben och lungor som klarar vilken mil som helst p\u00e5 en bra bit under 30 minuter. N\u00e4r som helst, g\u00e4rna i uppf\u00f6rsbacke.<\/p>\n<p>Den k\u00e4ra v\u00e4nnen s\u00e5g en annan syn:<br \/>\n&#8211; Min lelle mandelkubb\u2026 sa hon.<\/p>\n<p style=\"padding-left: 30px;\"><strong>Inbilska m\u00e4n m\u00e5r b\u00e4st av att skaffa sig kontakt med verkligheten. Omgivningens bild och sj\u00e4lvbilden b\u00f6r helst sammanfalla om karln inte ska verka l\u00f6jlig.<\/strong><\/p>\n<p>Jag \u00e4r kort, blek, rund och l\u00e5ngsam.<\/p>\n<p>&nbsp;<\/p>\n<p style=\"padding-left: 30px;\"><em>Tortyr \u00e4r tortyr och inget pojkstreck. Stockholms blodbad var liiiiiiite v\u00e4rre \u00e4n att st\u00e4nga en skola d\u00e4r sj\u00e4len inte \u00e4r sund.<\/em><\/p>\n","protected":false},"excerpt":{"rendered":"<p>Sagt om Lundsberg: &#8211; Ett pojkstreck. (Lundsbergs styrelsemedlem Ulf Rehnmark om br\u00e4nnm\u00e4rkning av yngre kamrat med hj\u00e4lp av strykj\u00e4rn). &#8211; Den st\u00f6rsta kr\u00e4nkningen som en myndighet har gjort fram tills i dag. (Galenskaparen och Lundsbergsf\u00f6r\u00e4ldern Jan Rippe om st\u00e4ngningen av skolan). &#8211; En sund sj\u00e4l i en sund kropp. (Skolans motto). Orden f\u00e5r mig att &hellip; <a href=\"https:\/\/sven-ove.nu\/?p=6562\" class=\"more-link\">Forts\u00e4tt l\u00e4sa <span class=\"screen-reader-text\">Lundsbergarna, kenyanen och verkligheten<\/span><\/a><\/p>\n","protected":false},"author":1,"featured_media":0,"comment_status":"open","ping_status":"open","sticky":false,"template":"","format":"standard","meta":{"_crdt_document":"","_monsterinsights_skip_tracking":false,"_monsterinsights_sitenote_active":false,"_monsterinsights_sitenote_note":"","_monsterinsights_sitenote_category":0,"footnotes":""},"categories":[9],"tags":[16,18,21,20],"class_list":["post-6562","post","type-post","status-publish","format-standard","hentry","category-politik","tag-dumheter","tag-lardomar","tag-ord","tag-rad"],"_links":{"self":[{"href":"https:\/\/sven-ove.nu\/index.php?rest_route=\/wp\/v2\/posts\/6562","targetHints":{"allow":["GET"]}}],"collection":[{"href":"https:\/\/sven-ove.nu\/index.php?rest_route=\/wp\/v2\/posts"}],"about":[{"href":"https:\/\/sven-ove.nu\/index.php?rest_route=\/wp\/v2\/types\/post"}],"author":[{"embeddable":true,"href":"https:\/\/sven-ove.nu\/index.php?rest_route=\/wp\/v2\/users\/1"}],"replies":[{"embeddable":true,"href":"https:\/\/sven-ove.nu\/index.php?rest_route=%2Fwp%2Fv2%2Fcomments&post=6562"}],"version-history":[{"count":6,"href":"https:\/\/sven-ove.nu\/index.php?rest_route=\/wp\/v2\/posts\/6562\/revisions"}],"predecessor-version":[{"id":6577,"href":"https:\/\/sven-ove.nu\/index.php?rest_route=\/wp\/v2\/posts\/6562\/revisions\/6577"}],"wp:attachment":[{"href":"https:\/\/sven-ove.nu\/index.php?rest_route=%2Fwp%2Fv2%2Fmedia&parent=6562"}],"wp:term":[{"taxonomy":"category","embeddable":true,"href":"https:\/\/sven-ove.nu\/index.php?rest_route=%2Fwp%2Fv2%2Fcategories&post=6562"},{"taxonomy":"post_tag","embeddable":true,"href":"https:\/\/sven-ove.nu\/index.php?rest_route=%2Fwp%2Fv2%2Ftags&post=6562"}],"curies":[{"name":"wp","href":"https:\/\/api.w.org\/{rel}","templated":true}]}}