{"id":6578,"date":"2013-09-03T17:03:14","date_gmt":"2013-09-03T16:03:14","guid":{"rendered":"http:\/\/sven-ove.nu\/?p=6578"},"modified":"2013-09-03T17:15:47","modified_gmt":"2013-09-03T16:15:47","slug":"tigern-och-ilskan","status":"publish","type":"post","link":"https:\/\/sven-ove.nu\/?p=6578","title":{"rendered":"Tigern och ilskan"},"content":{"rendered":"<p><a href=\"https:\/\/sven-ove.nu\/wp-content\/uploads\/2013\/09\/Inre-hamn.jpg\"><img loading=\"lazy\" decoding=\"async\" class=\"alignleft size-large wp-image-6579\" title=\"Inre hamn\" src=\"https:\/\/sven-ove.nu\/wp-content\/uploads\/2013\/09\/Inre-hamn-1024x613.jpg\" alt=\"\" width=\"640\" height=\"383\" srcset=\"https:\/\/sven-ove.nu\/wp-content\/uploads\/2013\/09\/Inre-hamn-1024x613.jpg 1024w, https:\/\/sven-ove.nu\/wp-content\/uploads\/2013\/09\/Inre-hamn-300x179.jpg 300w\" sizes=\"auto, (max-width: 640px) 100vw, 640px\" \/><\/a><\/p>\n<p>September i skallen. Sitter vid Inre hamn i Karlstad och plitar i en anteckningsbok p\u00e5 lunchen, i v\u00e4ntan p\u00e5 ett m\u00f6te i ett av hamnmagasinen. De som numera blivit lager f\u00f6r en annan sorts kreativitet \u00e4n bananstockarnas och bomullstygrullarnas. Solen v\u00e4rmer, vattnet bl\u00e4nker.<\/p>\n<p style=\"padding-left: 30px;\"><strong>Snart ska vreden t\u00e4ndas igen, den som f\u00e5r en f\u00f6r\u00e4lder att bli en tiger, men p\u00e5 lunchen har sj\u00e4len fortfarande frid och pennan plitar.<\/strong><\/p>\n<p>Ilska g\u00e5r \u00f6ver den med, till och med p\u00e5 den h\u00e4r kattm\u00e4nniskan. Nu \u00e4r det tidig kv\u00e4ll, fortfarande september, och jag sitter med datorn i kn\u00e4t och breddar min musiksmak. <strong>Rockpile<\/strong> skrev n\u00e5gon p\u00e5 facebook nyss. J\u00f6sses, de \u00e4r ju g\u00f4rbra. \u00c4r skivan f\u00e4rsk? Nja, livespelningen \u00e4r fr\u00e5n Montreux 1980.<\/p>\n<p>Sweet Little Lisa och Trouble boys d\u00e5nar ur datorn och sj\u00e4lv funderar jag p\u00e5 ett korst\u00e5g.<\/p>\n<p style=\"padding-left: 30px;\"><strong>Klokhet, \u00e4r det att inse vilka krig du kan ta och vilka du m\u00e5ste l\u00e5ta bli? Antagligen, fast den vetskapen \u00e4r tung f\u00f6r en tiger att b\u00e4ra.<\/strong><\/p>\n<p>&nbsp;<\/p>\n","protected":false},"excerpt":{"rendered":"<p>September i skallen. Sitter vid Inre hamn i Karlstad och plitar i en anteckningsbok p\u00e5 lunchen, i v\u00e4ntan p\u00e5 ett m\u00f6te i ett av hamnmagasinen. De som numera blivit lager f\u00f6r en annan sorts kreativitet \u00e4n bananstockarnas och bomullstygrullarnas. Solen v\u00e4rmer, vattnet bl\u00e4nker. Snart ska vreden t\u00e4ndas igen, den som f\u00e5r en f\u00f6r\u00e4lder att bli &hellip; <a href=\"https:\/\/sven-ove.nu\/?p=6578\" class=\"more-link\">Forts\u00e4tt l\u00e4sa <span class=\"screen-reader-text\">Tigern och ilskan<\/span><\/a><\/p>\n","protected":false},"author":1,"featured_media":0,"comment_status":"open","ping_status":"open","sticky":false,"template":"","format":"standard","meta":{"_crdt_document":"","_monsterinsights_skip_tracking":false,"_monsterinsights_sitenote_active":false,"_monsterinsights_sitenote_note":"","_monsterinsights_sitenote_category":0,"footnotes":""},"categories":[10],"tags":[24],"class_list":["post-6578","post","type-post","status-publish","format-standard","hentry","category-familjen","tag-karlek"],"_links":{"self":[{"href":"https:\/\/sven-ove.nu\/index.php?rest_route=\/wp\/v2\/posts\/6578","targetHints":{"allow":["GET"]}}],"collection":[{"href":"https:\/\/sven-ove.nu\/index.php?rest_route=\/wp\/v2\/posts"}],"about":[{"href":"https:\/\/sven-ove.nu\/index.php?rest_route=\/wp\/v2\/types\/post"}],"author":[{"embeddable":true,"href":"https:\/\/sven-ove.nu\/index.php?rest_route=\/wp\/v2\/users\/1"}],"replies":[{"embeddable":true,"href":"https:\/\/sven-ove.nu\/index.php?rest_route=%2Fwp%2Fv2%2Fcomments&post=6578"}],"version-history":[{"count":2,"href":"https:\/\/sven-ove.nu\/index.php?rest_route=\/wp\/v2\/posts\/6578\/revisions"}],"predecessor-version":[{"id":6581,"href":"https:\/\/sven-ove.nu\/index.php?rest_route=\/wp\/v2\/posts\/6578\/revisions\/6581"}],"wp:attachment":[{"href":"https:\/\/sven-ove.nu\/index.php?rest_route=%2Fwp%2Fv2%2Fmedia&parent=6578"}],"wp:term":[{"taxonomy":"category","embeddable":true,"href":"https:\/\/sven-ove.nu\/index.php?rest_route=%2Fwp%2Fv2%2Fcategories&post=6578"},{"taxonomy":"post_tag","embeddable":true,"href":"https:\/\/sven-ove.nu\/index.php?rest_route=%2Fwp%2Fv2%2Ftags&post=6578"}],"curies":[{"name":"wp","href":"https:\/\/api.w.org\/{rel}","templated":true}]}}