{"id":6591,"date":"2013-09-05T07:54:45","date_gmt":"2013-09-05T06:54:45","guid":{"rendered":"http:\/\/sven-ove.nu\/?p=6591"},"modified":"2013-09-05T07:55:42","modified_gmt":"2013-09-05T06:55:42","slug":"inte-utanfor-boxen","status":"publish","type":"post","link":"https:\/\/sven-ove.nu\/?p=6591","title":{"rendered":"Inte utanf\u00f6r boxen"},"content":{"rendered":"<p>P\u00e5 Lundsbergs skola var pennalismen utbredd p\u00e5 internatet men undervisningen var bra. S\u00e5 nu planerar man att flytta undervisningen till Karlstad men internatet blir kvar.<\/p>\n<p>Fr\u00e5gor p\u00e5 det?<\/p>\n<p><a href=\"https:\/\/sven-ove.nu\/wp-content\/uploads\/2013\/09\/Lundsbergselever-erbjuds-plats-i-Karlstad.jpg\"><img loading=\"lazy\" decoding=\"async\" class=\"alignright size-medium wp-image-6592\" title=\"Lundsbergselever erbjuds plats i Karlstad\" src=\"https:\/\/sven-ove.nu\/wp-content\/uploads\/2013\/09\/Lundsbergselever-erbjuds-plats-i-Karlstad-300x168.jpg\" alt=\"\" width=\"300\" height=\"168\" srcset=\"https:\/\/sven-ove.nu\/wp-content\/uploads\/2013\/09\/Lundsbergselever-erbjuds-plats-i-Karlstad-300x168.jpg 300w, https:\/\/sven-ove.nu\/wp-content\/uploads\/2013\/09\/Lundsbergselever-erbjuds-plats-i-Karlstad-1024x575.jpg 1024w\" sizes=\"auto, (max-width: 300px) 100vw, 300px\" \/><\/a><\/p>\n<p>&nbsp;<\/p>\n<p>&nbsp;<\/p>\n<p>&nbsp;<\/p>\n<p>&nbsp;<\/p>\n<p>&nbsp;<\/p>\n","protected":false},"excerpt":{"rendered":"<p>P\u00e5 Lundsbergs skola var pennalismen utbredd p\u00e5 internatet men undervisningen var bra. S\u00e5 nu planerar man att flytta undervisningen till Karlstad men internatet blir kvar. Fr\u00e5gor p\u00e5 det? &nbsp; &nbsp; &nbsp; &nbsp; &nbsp;<\/p>\n","protected":false},"author":1,"featured_media":0,"comment_status":"open","ping_status":"open","sticky":false,"template":"","format":"standard","meta":{"_crdt_document":"","_monsterinsights_skip_tracking":false,"_monsterinsights_sitenote_active":false,"_monsterinsights_sitenote_note":"","_monsterinsights_sitenote_category":0,"footnotes":""},"categories":[9],"tags":[14],"class_list":["post-6591","post","type-post","status-publish","format-standard","hentry","category-politik","tag-lasning"],"_links":{"self":[{"href":"https:\/\/sven-ove.nu\/index.php?rest_route=\/wp\/v2\/posts\/6591","targetHints":{"allow":["GET"]}}],"collection":[{"href":"https:\/\/sven-ove.nu\/index.php?rest_route=\/wp\/v2\/posts"}],"about":[{"href":"https:\/\/sven-ove.nu\/index.php?rest_route=\/wp\/v2\/types\/post"}],"author":[{"embeddable":true,"href":"https:\/\/sven-ove.nu\/index.php?rest_route=\/wp\/v2\/users\/1"}],"replies":[{"embeddable":true,"href":"https:\/\/sven-ove.nu\/index.php?rest_route=%2Fwp%2Fv2%2Fcomments&post=6591"}],"version-history":[{"count":4,"href":"https:\/\/sven-ove.nu\/index.php?rest_route=\/wp\/v2\/posts\/6591\/revisions"}],"predecessor-version":[{"id":6596,"href":"https:\/\/sven-ove.nu\/index.php?rest_route=\/wp\/v2\/posts\/6591\/revisions\/6596"}],"wp:attachment":[{"href":"https:\/\/sven-ove.nu\/index.php?rest_route=%2Fwp%2Fv2%2Fmedia&parent=6591"}],"wp:term":[{"taxonomy":"category","embeddable":true,"href":"https:\/\/sven-ove.nu\/index.php?rest_route=%2Fwp%2Fv2%2Fcategories&post=6591"},{"taxonomy":"post_tag","embeddable":true,"href":"https:\/\/sven-ove.nu\/index.php?rest_route=%2Fwp%2Fv2%2Ftags&post=6591"}],"curies":[{"name":"wp","href":"https:\/\/api.w.org\/{rel}","templated":true}]}}