{"id":6638,"date":"2013-09-09T03:00:11","date_gmt":"2013-09-09T02:00:11","guid":{"rendered":"http:\/\/sven-ove.nu\/?p=6638"},"modified":"2013-09-07T11:50:46","modified_gmt":"2013-09-07T10:50:46","slug":"det-ar-en-gladje-att-springa-barfota-pa-solvarm-stig","status":"publish","type":"post","link":"https:\/\/sven-ove.nu\/?p=6638","title":{"rendered":"Det \u00e4r en gl\u00e4dje att springa barfota p\u00e5 solvarm stig"},"content":{"rendered":"<p><a href=\"https:\/\/sven-ove.nu\/wp-content\/uploads\/2013\/09\/Varm-stig.jpg\"><img loading=\"lazy\" decoding=\"async\" class=\"alignleft size-large wp-image-6639\" title=\"OLYMPUS DIGITAL CAMERA\" src=\"https:\/\/sven-ove.nu\/wp-content\/uploads\/2013\/09\/Varm-stig-1024x396.jpg\" alt=\"\" width=\"640\" height=\"247\" srcset=\"https:\/\/sven-ove.nu\/wp-content\/uploads\/2013\/09\/Varm-stig-1024x396.jpg 1024w, https:\/\/sven-ove.nu\/wp-content\/uploads\/2013\/09\/Varm-stig-300x116.jpg 300w\" sizes=\"auto, (max-width: 640px) 100vw, 640px\" \/><\/a><\/p>\n<p>Vi har ont om pengar men mat varenda dag. Det \u00e4r s\u00e5 det \u00e4r att vara sm\u00e5bonde. N\u00e4r jag vill vara skid\u00e5kare har vi inte r\u00e5d med t\u00e4vlingsskidor. Inte f\u00f6rst. I sl\u00f6jdsalen i Fager\u00e5sens skola st\u00e5r v\u00e5r magister med ett par SixJe Elit i n\u00e4ven. De \u00e4r precis lagom l\u00e5nga f\u00f6r mig, han har nyss l\u00e4rt mig grundvalla dem med tr\u00e4tj\u00e4ra och nyfylld bl\u00e5slampa.<\/p>\n<p>&#8211; Ska du vara med p\u00e5 skol-DM beh\u00f6ver du ett par riktiga skidor.<\/p>\n<p>Tanken han t\u00e4nker \u00e4r om\u00f6jlig. Jag ser vad han vill men inte kan. Alla ser. En magister kan inte ge en av sj\u00e4tteklassarna ett par skidor. Inte ens om gossen \u00e4r duktig i skolan och tr\u00e4ningsvillig. Det \u00e4r inte r\u00e4tt mot de andra femton eleverna i femte och sj\u00e4tte klass. Han kan inte ens l\u00e5na ut dem. Aldrig s\u00e4rbehandla, aldrig gynna bara en.<\/p>\n<p>Mina egna skidor \u00e4r f\u00f6r breda och har kabelbindningar. Perfekta n\u00e4r jag \u00e5ker i l\u00f6ssn\u00f6 tv\u00e5 kilometer till skolbussen eller \u00e4nda till skolan, fem kilometer \u00f6ver skogen. Men han tycker inte de duger att t\u00e4vla med bland andra skolor, de \u00e4r alldeles f\u00f6r tunga. Kanske sk\u00e4ms han f\u00f6r mina skidor.<\/p>\n<p>Jag \u00e4r bra men blir inte uttagen. Jag hade placerat mig med de skidorna ocks\u00e5.<\/p>\n<p><strong>Stubb\u00e5kern utan skor<br \/>\n<\/strong><a href=\"https:\/\/sven-ove.nu\/wp-content\/uploads\/2013\/09\/Tidig-h\u00f6st1.jpg\"><img loading=\"lazy\" decoding=\"async\" class=\"alignright size-thumbnail wp-image-6644\" title=\"Tidig h\u00f6st\" src=\"https:\/\/sven-ove.nu\/wp-content\/uploads\/2013\/09\/Tidig-h\u00f6st1-150x150.jpg\" alt=\"\" width=\"150\" height=\"150\" \/><\/a>Vi \u00e4ger b\u00e5de skor och st\u00f6vlar, det \u00e4r inget u-land vi lever i. Men varje senv\u00e5r b\u00f6rjar vi g\u00e5 barfota, mest f\u00f6r att vi vill. Gr\u00e4smattan framf\u00f6r huset, grusg\u00e5ngen, grusv\u00e4gen bort till korset, full med vassa stenar. N\u00e4r h\u00f6sten kommer \u00e4r f\u00f6tterna s\u00e5 h\u00e4rdade att de klarar vilken stubb\u00e5ker som helst. Du springer inte otr\u00e4nad i nytr\u00f6skad stubb\u00e5ker, varje str\u00e5 \u00e4r vasst. Alla nyskurna str\u00e5n har en kompis och den har en kompis och den har en v\u00e4n. Vass v\u00e4n.<\/p>\n<p>Efter en l\u00e5ng sommar med bara f\u00f6tter kan du.<\/p>\n<p>K\u00e4nslan n\u00e4r du r\u00e5kar trampa i en f\u00e4rsk, gulvitkletig h\u00f6nsskit p\u00e5 lag\u00e5rdsbacken och skiten pressas fram mellan stort\u00e5n och l\u00e5ngt\u00e5n. \u00c4nnu v\u00e4rre mellan sm\u00e5t\u00e5rna. Smeten, lukten. K\u00e4nslan n\u00e4r du springer utan strumpor och skor p\u00e5 en barrstig i k\u00e4nda skogar. Solen v\u00e4rmer sanden, barren och tv\u00e5 h\u00e4rdade f\u00f6tter som har lust.<\/p>\n<p><strong>F\u00f6tterna minns och f\u00f6rst\u00e5r<br \/>\n<\/strong>Femtio \u00e5r senare l\u00e4ser jag boken om barfotal\u00f6parna i Barrancas del Cobre &#8211; Kopparkanjonen &#8211; i en av Sierra Madres mer isolerade bergstrakter. <a href=\"http:\/\/www.adlibris.com\/se\/bok\/born-to-run-jakten-pa-lopningens-sjal-9789172322608\" target=\"_blank\">Bra bok<\/a>, f\u00f6tterna minns och f\u00f6rst\u00e5r.<\/p>\n<p style=\"padding-left: 30px;\"><strong>Vi \u00e4r barn av savannen, uth\u00e5lliga barfotal\u00f6pare p\u00e5 jakt efter en hjort som vi ska tr\u00f6tta ut, eftersom vi kan svettas men inte han. L\u00f6pningen som naturligt tillst\u00e5nd, det \u00e4r l\u00e4ttare att springa \u00e4n att g\u00e5. N\u00e4r jag l\u00e4st ut boken g\u00e5r jag ut p\u00e5 gr\u00e4smattan, tar av mig sandaler och nytv\u00e4ttade ankelstrumpor, g\u00e5r ett par steg i gr\u00e4set, b\u00f6jar sakta springa med nakna f\u00f6tter mot nyklippt gr\u00e4s. Det sticks inte ett dugg.<\/strong><\/p>\n<p>Kroppen byter l\u00f6psteg n\u00e5gonstans mellan villan och lekstugan utan att jag har en aning om det. Vi \u00e4r tre stycken som springer runt huset. En savannl\u00f6pare i \u00f6stra Afrikas Rift Valley, en tarahumaraindian i Mexicos branter men mest av allt en snaggad tretton\u00e5ring i \u00c4ngeb\u00e4ckstorp, Nyeds socken, V\u00e4rmlands l\u00e4n, Svealand, Sverige, Norden, Europa, norra halvklotet, universum.<\/p>\n<p>Han som \u00e4r jag.<\/p>\n<p style=\"padding-left: 30px;\"><strong>Barfota \u00e4r han f\u00f6dd, barfota vill han springa p\u00e5 solvarm stig. Han \u00e4ger en krona och femtiosju \u00f6re men har mat varenda dag.<\/strong><\/p>\n","protected":false},"excerpt":{"rendered":"<p>Vi har ont om pengar men mat varenda dag. Det \u00e4r s\u00e5 det \u00e4r att vara sm\u00e5bonde. N\u00e4r jag vill vara skid\u00e5kare har vi inte r\u00e5d med t\u00e4vlingsskidor. Inte f\u00f6rst. I sl\u00f6jdsalen i Fager\u00e5sens skola st\u00e5r v\u00e5r magister med ett par SixJe Elit i n\u00e4ven. De \u00e4r precis lagom l\u00e5nga f\u00f6r mig, han har nyss &hellip; <a href=\"https:\/\/sven-ove.nu\/?p=6638\" class=\"more-link\">Forts\u00e4tt l\u00e4sa <span class=\"screen-reader-text\">Det \u00e4r en gl\u00e4dje att springa barfota p\u00e5 solvarm stig<\/span><\/a><\/p>\n","protected":false},"author":1,"featured_media":0,"comment_status":"open","ping_status":"open","sticky":false,"template":"","format":"standard","meta":{"_crdt_document":"","_monsterinsights_skip_tracking":false,"_monsterinsights_sitenote_active":false,"_monsterinsights_sitenote_note":"","_monsterinsights_sitenote_category":0,"footnotes":""},"categories":[10,5],"tags":[8,24,13],"class_list":["post-6638","post","type-post","status-publish","format-standard","hentry","category-familjen","category-lopning","tag-historia","tag-karlek","tag-utrustning"],"_links":{"self":[{"href":"https:\/\/sven-ove.nu\/index.php?rest_route=\/wp\/v2\/posts\/6638","targetHints":{"allow":["GET"]}}],"collection":[{"href":"https:\/\/sven-ove.nu\/index.php?rest_route=\/wp\/v2\/posts"}],"about":[{"href":"https:\/\/sven-ove.nu\/index.php?rest_route=\/wp\/v2\/types\/post"}],"author":[{"embeddable":true,"href":"https:\/\/sven-ove.nu\/index.php?rest_route=\/wp\/v2\/users\/1"}],"replies":[{"embeddable":true,"href":"https:\/\/sven-ove.nu\/index.php?rest_route=%2Fwp%2Fv2%2Fcomments&post=6638"}],"version-history":[{"count":8,"href":"https:\/\/sven-ove.nu\/index.php?rest_route=\/wp\/v2\/posts\/6638\/revisions"}],"predecessor-version":[{"id":6649,"href":"https:\/\/sven-ove.nu\/index.php?rest_route=\/wp\/v2\/posts\/6638\/revisions\/6649"}],"wp:attachment":[{"href":"https:\/\/sven-ove.nu\/index.php?rest_route=%2Fwp%2Fv2%2Fmedia&parent=6638"}],"wp:term":[{"taxonomy":"category","embeddable":true,"href":"https:\/\/sven-ove.nu\/index.php?rest_route=%2Fwp%2Fv2%2Fcategories&post=6638"},{"taxonomy":"post_tag","embeddable":true,"href":"https:\/\/sven-ove.nu\/index.php?rest_route=%2Fwp%2Fv2%2Ftags&post=6638"}],"curies":[{"name":"wp","href":"https:\/\/api.w.org\/{rel}","templated":true}]}}