{"id":6702,"date":"2013-09-10T08:02:41","date_gmt":"2013-09-10T07:02:41","guid":{"rendered":"http:\/\/sven-ove.nu\/?p=6702"},"modified":"2013-09-10T08:04:28","modified_gmt":"2013-09-10T07:04:28","slug":"host-i-den-lilla-varlden-hot-i-den-stora","status":"publish","type":"post","link":"https:\/\/sven-ove.nu\/?p=6702","title":{"rendered":"H\u00f6st i den lilla v\u00e4rlden, hot i den stora"},"content":{"rendered":"<p><img loading=\"lazy\" decoding=\"async\" class=\"size-medium wp-image-6703 alignright\" alt=\"H\u00f6sten 2013\" src=\"https:\/\/sven-ove.nu\/wp-content\/uploads\/2013\/09\/H\u00f6sten-2013-179x300.jpg\" width=\"179\" height=\"300\" srcset=\"https:\/\/sven-ove.nu\/wp-content\/uploads\/2013\/09\/H\u00f6sten-2013-179x300.jpg 179w, https:\/\/sven-ove.nu\/wp-content\/uploads\/2013\/09\/H\u00f6sten-2013-613x1024.jpg 613w, https:\/\/sven-ove.nu\/wp-content\/uploads\/2013\/09\/H\u00f6sten-2013.jpg 1552w\" sizes=\"auto, (max-width: 179px) 100vw, 179px\" \/>\u2026 och s\u00e5 kommer en av dessa dagar n\u00e4r jag helst skulle h\u00e4nga p\u00e5 en kratta. Bj\u00f6rken f\u00e4ller\u00a0blad och det g\u00f6r paradis\u00e4ppeltr\u00e4det med. Barnbarnen har \u00e5kt, dis och dimma \u00f6ver nejden.<\/p>\n<p>I Malm\u00f6 har de f\u00f6rs\u00f6kt <a href=\"http:\/\/www.aftonbladet.se\/ledare\/ledarkronika\/anderslindberg\/article17437969.ab\">lyncha<\/a> en medm\u00e4nniska.\u00a0I <a href=\"http:\/\/www.aftonbladet.se\/ledare\/ledarkronika\/danielswedin\/article17439899.ab\">Norge<\/a> har de <a href=\"http:\/\/www.svd.se\/nyheter\/utrikes\/norges-nya-statsminister-kan-fa-det-turbulent_8502476.svd\">r\u00f6stat<\/a> fram b\u00e5de h\u00f6gern och fr\u00e4mlingsfientligheten till k\u00f6ttgrytorna.<\/p>\n<p>Blad faller. Tolv grader varmt. Vi f\u00e5r inte ge tappt.<\/p>\n<p>&nbsp;<\/p>\n","protected":false},"excerpt":{"rendered":"<p>\u2026 och s\u00e5 kommer en av dessa dagar n\u00e4r jag helst skulle h\u00e4nga p\u00e5 en kratta. Bj\u00f6rken f\u00e4ller\u00a0blad och det g\u00f6r paradis\u00e4ppeltr\u00e4det med. Barnbarnen har \u00e5kt, dis och dimma \u00f6ver nejden. I Malm\u00f6 har de f\u00f6rs\u00f6kt lyncha en medm\u00e4nniska.\u00a0I Norge har de r\u00f6stat fram b\u00e5de h\u00f6gern och fr\u00e4mlingsfientligheten till k\u00f6ttgrytorna. Blad faller. Tolv grader varmt. &hellip; <a href=\"https:\/\/sven-ove.nu\/?p=6702\" class=\"more-link\">Forts\u00e4tt l\u00e4sa <span class=\"screen-reader-text\">H\u00f6st i den lilla v\u00e4rlden, hot i den stora<\/span><\/a><\/p>\n","protected":false},"author":1,"featured_media":0,"comment_status":"open","ping_status":"open","sticky":false,"template":"","format":"standard","meta":{"_crdt_document":"","_monsterinsights_skip_tracking":false,"_monsterinsights_sitenote_active":false,"_monsterinsights_sitenote_note":"","_monsterinsights_sitenote_category":0,"footnotes":""},"categories":[10,6,9],"tags":[16,14,20],"class_list":["post-6702","post","type-post","status-publish","format-standard","hentry","category-familjen","category-natur","category-politik","tag-dumheter","tag-lasning","tag-rad"],"_links":{"self":[{"href":"https:\/\/sven-ove.nu\/index.php?rest_route=\/wp\/v2\/posts\/6702","targetHints":{"allow":["GET"]}}],"collection":[{"href":"https:\/\/sven-ove.nu\/index.php?rest_route=\/wp\/v2\/posts"}],"about":[{"href":"https:\/\/sven-ove.nu\/index.php?rest_route=\/wp\/v2\/types\/post"}],"author":[{"embeddable":true,"href":"https:\/\/sven-ove.nu\/index.php?rest_route=\/wp\/v2\/users\/1"}],"replies":[{"embeddable":true,"href":"https:\/\/sven-ove.nu\/index.php?rest_route=%2Fwp%2Fv2%2Fcomments&post=6702"}],"version-history":[{"count":4,"href":"https:\/\/sven-ove.nu\/index.php?rest_route=\/wp\/v2\/posts\/6702\/revisions"}],"predecessor-version":[{"id":6707,"href":"https:\/\/sven-ove.nu\/index.php?rest_route=\/wp\/v2\/posts\/6702\/revisions\/6707"}],"wp:attachment":[{"href":"https:\/\/sven-ove.nu\/index.php?rest_route=%2Fwp%2Fv2%2Fmedia&parent=6702"}],"wp:term":[{"taxonomy":"category","embeddable":true,"href":"https:\/\/sven-ove.nu\/index.php?rest_route=%2Fwp%2Fv2%2Fcategories&post=6702"},{"taxonomy":"post_tag","embeddable":true,"href":"https:\/\/sven-ove.nu\/index.php?rest_route=%2Fwp%2Fv2%2Ftags&post=6702"}],"curies":[{"name":"wp","href":"https:\/\/api.w.org\/{rel}","templated":true}]}}