{"id":6713,"date":"2013-09-12T03:00:38","date_gmt":"2013-09-12T02:00:38","guid":{"rendered":"http:\/\/sven-ove.nu\/?p=6713"},"modified":"2013-09-11T20:05:17","modified_gmt":"2013-09-11T19:05:17","slug":"atta-hemmansagare-tre-pigor-en-inhyses","status":"publish","type":"post","link":"https:\/\/sven-ove.nu\/?p=6713","title":{"rendered":"\u00c5tta hemmans\u00e4gare, tre pigor, en inhyses"},"content":{"rendered":"<p><a href=\"https:\/\/sven-ove.nu\/wp-content\/uploads\/2013\/09\/\u00c4ngeb\u00e4ckstorp.jpg\"><img loading=\"lazy\" decoding=\"async\" class=\"alignright size-medium wp-image-6714\" alt=\"\u00c4ngeb\u00e4ckstorp\" src=\"https:\/\/sven-ove.nu\/wp-content\/uploads\/2013\/09\/\u00c4ngeb\u00e4ckstorp-272x300.jpg\" width=\"272\" height=\"300\" srcset=\"https:\/\/sven-ove.nu\/wp-content\/uploads\/2013\/09\/\u00c4ngeb\u00e4ckstorp-272x300.jpg 272w, https:\/\/sven-ove.nu\/wp-content\/uploads\/2013\/09\/\u00c4ngeb\u00e4ckstorp.jpg 461w\" sizes=\"auto, (max-width: 272px) 100vw, 272px\" \/><\/a>En kv\u00e4ll hamnar jag i den stora folkr\u00e4kningen fr\u00e5n \u00e5r 1890, <a href=\"http:\/\/www2.foark.umu.se\/folk\/s\/\">V\u00e4rmlands l\u00e4n<\/a>. Den finns gratis p\u00e5 n\u00e4tet och jag har l\u00e4st i den f\u00f6rr. Hur var det i min uppv\u00e4xtby, 69 \u00e5r innan vi kom flyttande dit?<\/p>\n<p>P\u00e5 datask\u00e4rmen v\u00e4xer bilden fram. <b>\u00c4ngeb\u00e4ckstorp<\/b> hade 55 inv\u00e5nare n\u00e4r r\u00e4kningen genomf\u00f6rdes. \u00c5tta hemmans\u00e4gare, tre pigor, tv\u00e5 undantags\u00e4gare, en inhyses, fyra arbetare; barn, hustrur, \u00e5ldringar. Vanligaste f\u00f6rnamnen Carl och Carolina, olika efternamn p\u00e5 gifta makar, s\u00f6nerna och d\u00f6ttrarna tog efternamn efter f\u00e4derna. Olsdotter, Kristoffersdotter, Eriksson. N\u00e5gra av dessa s\u00f6ner tycker jag mig minnas.<\/p>\n<p>Fr\u00e5n de sista \u00e5ren vi bodde kvar kommer jag ih\u00e5g n\u00e5gra auktioner och flyttlass och en och annan bostad som stod tom. Hur m\u00e5nga m\u00e4nniskor bor i byn i dag? Inga \u00e5tta hemmans\u00e4gare. Fyra boningshus st\u00e5r kvar, finns d\u00e4r tio personer? \u00c5krarna brukas, skogen v\u00e4xer, grusv\u00e4gen \u00e4r fortfarande lika krokig upp\u00e5t, ned\u00e5t och \u00e5t sidorna och den gamla tallen vi sprang ikapp fr\u00e5n st\u00e5r kvar.<\/p>\n<p>De tv\u00e5 dr\u00f6mmarna var samma, \u00e5r 1890 och \u00e5r 1959. <strong>Att barna ska f\u00e5 det bra.<\/strong> <strong>Att en ska kunna l\u00e4mna jorden i ett lite b\u00e4ttre skick till barna \u00e4n den var i n\u00e4r en sj\u00e4lv fick den av far.<\/strong> Om en nu fick n\u00e5n jord.<\/p>\n<p>Den dr\u00f6mmen om barna och\u00a0<a href=\"http:\/\/sv.wikipedia.org\/wiki\/Jorden\">jorden<\/a> dr\u00f6mmer jag \u00e4n.<\/p>\n","protected":false},"excerpt":{"rendered":"<p>En kv\u00e4ll hamnar jag i den stora folkr\u00e4kningen fr\u00e5n \u00e5r 1890, V\u00e4rmlands l\u00e4n. Den finns gratis p\u00e5 n\u00e4tet och jag har l\u00e4st i den f\u00f6rr. Hur var det i min uppv\u00e4xtby, 69 \u00e5r innan vi kom flyttande dit? P\u00e5 datask\u00e4rmen v\u00e4xer bilden fram. \u00c4ngeb\u00e4ckstorp hade 55 inv\u00e5nare n\u00e4r r\u00e4kningen genomf\u00f6rdes. \u00c5tta hemmans\u00e4gare, tre pigor, tv\u00e5 &hellip; <a href=\"https:\/\/sven-ove.nu\/?p=6713\" class=\"more-link\">Forts\u00e4tt l\u00e4sa <span class=\"screen-reader-text\">\u00c5tta hemmans\u00e4gare, tre pigor, en inhyses<\/span><\/a><\/p>\n","protected":false},"author":1,"featured_media":0,"comment_status":"open","ping_status":"open","sticky":false,"template":"","format":"standard","meta":{"_crdt_document":"","_monsterinsights_skip_tracking":false,"_monsterinsights_sitenote_active":false,"_monsterinsights_sitenote_note":"","_monsterinsights_sitenote_category":0,"footnotes":""},"categories":[10],"tags":[8,14],"class_list":["post-6713","post","type-post","status-publish","format-standard","hentry","category-familjen","tag-historia","tag-lasning"],"_links":{"self":[{"href":"https:\/\/sven-ove.nu\/index.php?rest_route=\/wp\/v2\/posts\/6713","targetHints":{"allow":["GET"]}}],"collection":[{"href":"https:\/\/sven-ove.nu\/index.php?rest_route=\/wp\/v2\/posts"}],"about":[{"href":"https:\/\/sven-ove.nu\/index.php?rest_route=\/wp\/v2\/types\/post"}],"author":[{"embeddable":true,"href":"https:\/\/sven-ove.nu\/index.php?rest_route=\/wp\/v2\/users\/1"}],"replies":[{"embeddable":true,"href":"https:\/\/sven-ove.nu\/index.php?rest_route=%2Fwp%2Fv2%2Fcomments&post=6713"}],"version-history":[{"count":6,"href":"https:\/\/sven-ove.nu\/index.php?rest_route=\/wp\/v2\/posts\/6713\/revisions"}],"predecessor-version":[{"id":6720,"href":"https:\/\/sven-ove.nu\/index.php?rest_route=\/wp\/v2\/posts\/6713\/revisions\/6720"}],"wp:attachment":[{"href":"https:\/\/sven-ove.nu\/index.php?rest_route=%2Fwp%2Fv2%2Fmedia&parent=6713"}],"wp:term":[{"taxonomy":"category","embeddable":true,"href":"https:\/\/sven-ove.nu\/index.php?rest_route=%2Fwp%2Fv2%2Fcategories&post=6713"},{"taxonomy":"post_tag","embeddable":true,"href":"https:\/\/sven-ove.nu\/index.php?rest_route=%2Fwp%2Fv2%2Ftags&post=6713"}],"curies":[{"name":"wp","href":"https:\/\/api.w.org\/{rel}","templated":true}]}}