{"id":6721,"date":"2013-09-13T03:00:17","date_gmt":"2013-09-13T02:00:17","guid":{"rendered":"http:\/\/sven-ove.nu\/?p=6721"},"modified":"2013-09-13T14:17:01","modified_gmt":"2013-09-13T13:17:01","slug":"da-ska-ni-nog-inte-cykla-pa-offentlig-plats","status":"publish","type":"post","link":"https:\/\/sven-ove.nu\/?p=6721","title":{"rendered":"D\u00e5 ska ni nog inte cykla p\u00e5 offentlig plats"},"content":{"rendered":"<p>Hur orkar ni br\u00e5ka om snor n\u00e4r Sarajevo f\u00f6rbl\u00f6der? S\u00e5 b\u00f6rjade f\u00f6rsta texten vid min sista sejour som kr\u00f6nik\u00f6r i V\u00e4rmlands Folkblad f\u00f6r bra m\u00e5nga \u00e5r sedan. Kriget i forna<br \/>\nJugoslavien p\u00e5gick f\u00f6r fullt, Sarajevo var bel\u00e4grat men i de v\u00e4rml\u00e4ndska tidningarna debatterades lite snor som f\u00f6rekommit i en tv-serie av Solveig Ternstr\u00f6m. <a href=\"http:\/\/www.morsarvet.se\" target=\"_blank\">Morsarvet<\/a>.<\/p>\n<p><a href=\"https:\/\/sven-ove.nu\/wp-content\/uploads\/2013\/09\/Konst-i-Karlstad.jpg\"><img loading=\"lazy\" decoding=\"async\" class=\"alignright size-medium wp-image-6722\" alt=\"Konst i Karlstad\" src=\"https:\/\/sven-ove.nu\/wp-content\/uploads\/2013\/09\/Konst-i-Karlstad-165x300.jpg\" width=\"165\" height=\"300\" srcset=\"https:\/\/sven-ove.nu\/wp-content\/uploads\/2013\/09\/Konst-i-Karlstad-165x300.jpg 165w, https:\/\/sven-ove.nu\/wp-content\/uploads\/2013\/09\/Konst-i-Karlstad-564x1024.jpg 564w, https:\/\/sven-ove.nu\/wp-content\/uploads\/2013\/09\/Konst-i-Karlstad.jpg 1377w\" sizes=\"auto, (max-width: 165px) 100vw, 165px\" \/><\/a>I dag \u00e4r det likadant i min k\u00e4ra provins. <a href=\"http:\/\/www.svd.se\/nyheter\/utrikes\/lam-vilja-att-bista-syrien_8497390.svd\" target=\"_blank\">Miljoner<\/a> <a href=\"http:\/\/www.dn.se\/nyheter\/varlden\/i-dag-lamnade-flykting-nummer-2000000-syrien\/\" target=\"_blank\">flyr<\/a> fr\u00e5n inb\u00f6rdeskriget i Syrien, regimen d\u00e4r d\u00f6dar sina egna barn med gas men i <a href=\"http:\/\/nwt.se\/karlstad\/article1376747.ece\" target=\"_blank\">tid<\/a><a href=\"http:\/\/nwt.se\/karlstad\/article1376747.ece\" target=\"_blank\">ningarna<\/a> <a href=\"http:\/\/www.vf.se\/asikter\/insandare\/ogenomtankt-av-kommunen\" target=\"_blank\">debatterar<\/a> folk n\u00e5gra streck p\u00e5 en cykelbana i kanten av Karlstad.<\/p>\n<p>Finns det n\u00e5got som lockar fram gringubbar av b\u00e5da k\u00f6nen lika bra som ett nytt offentligt konstverk? Skylten p\u00e5 universitetet i Karlstad h\u00e4rom \u00e5ret (<em>Nobody puts baby in a corner)<\/em> var bra men knappast originell och konstn\u00e4rlig, tycker jag. Det \u00e4r d\u00e4remot de ringlande strecken vid Borgm\u00e4starholmen. Originella, ov\u00e4ntade, konstn\u00e4rliga och till r\u00e5ga p\u00e5 allt roliga.<\/p>\n<p>&#8211; Trafikfarligt! ropar gringubbarna. Hu!<\/p>\n<p style=\"padding-left: 30px;\"><strong>Ja ni, gov\u00e4nner. Klarar ni inte att cykla p\u00e5 offentlig plats utan ett rakt vitt streck att f\u00f6lja, d\u00e5 ska ni nog h\u00e5lla er inom inh\u00e4gnat omr\u00e5de n\u00e4r balanssinnet b\u00f6rjar vingla. Eller sitta i en f\u00e5t\u00f6lj under tak och fundera \u00f6ver alla d\u00f6da i Syrien. All sorg. All flykt.<\/strong><\/p>\n<p style=\"padding-left: 30px;\"><strong>Barnen d\u00e4r skulle vara mycket glada om det bara fanns ett krokigt vitt streck att br\u00e5ka om i deras land.<\/strong><\/p>\n","protected":false},"excerpt":{"rendered":"<p>Hur orkar ni br\u00e5ka om snor n\u00e4r Sarajevo f\u00f6rbl\u00f6der? S\u00e5 b\u00f6rjade f\u00f6rsta texten vid min sista sejour som kr\u00f6nik\u00f6r i V\u00e4rmlands Folkblad f\u00f6r bra m\u00e5nga \u00e5r sedan. Kriget i forna Jugoslavien p\u00e5gick f\u00f6r fullt, Sarajevo var bel\u00e4grat men i de v\u00e4rml\u00e4ndska tidningarna debatterades lite snor som f\u00f6rekommit i en tv-serie av Solveig Ternstr\u00f6m. Morsarvet. I &hellip; <a href=\"https:\/\/sven-ove.nu\/?p=6721\" class=\"more-link\">Forts\u00e4tt l\u00e4sa <span class=\"screen-reader-text\">D\u00e5 ska ni nog inte cykla p\u00e5 offentlig plats<\/span><\/a><\/p>\n","protected":false},"author":1,"featured_media":0,"comment_status":"open","ping_status":"open","sticky":false,"template":"","format":"standard","meta":{"_crdt_document":"","_monsterinsights_skip_tracking":false,"_monsterinsights_sitenote_active":false,"_monsterinsights_sitenote_note":"","_monsterinsights_sitenote_category":0,"footnotes":""},"categories":[9,4],"tags":[16,14],"class_list":["post-6721","post","type-post","status-publish","format-standard","hentry","category-politik","category-skrivande","tag-dumheter","tag-lasning"],"_links":{"self":[{"href":"https:\/\/sven-ove.nu\/index.php?rest_route=\/wp\/v2\/posts\/6721","targetHints":{"allow":["GET"]}}],"collection":[{"href":"https:\/\/sven-ove.nu\/index.php?rest_route=\/wp\/v2\/posts"}],"about":[{"href":"https:\/\/sven-ove.nu\/index.php?rest_route=\/wp\/v2\/types\/post"}],"author":[{"embeddable":true,"href":"https:\/\/sven-ove.nu\/index.php?rest_route=\/wp\/v2\/users\/1"}],"replies":[{"embeddable":true,"href":"https:\/\/sven-ove.nu\/index.php?rest_route=%2Fwp%2Fv2%2Fcomments&post=6721"}],"version-history":[{"count":4,"href":"https:\/\/sven-ove.nu\/index.php?rest_route=\/wp\/v2\/posts\/6721\/revisions"}],"predecessor-version":[{"id":6750,"href":"https:\/\/sven-ove.nu\/index.php?rest_route=\/wp\/v2\/posts\/6721\/revisions\/6750"}],"wp:attachment":[{"href":"https:\/\/sven-ove.nu\/index.php?rest_route=%2Fwp%2Fv2%2Fmedia&parent=6721"}],"wp:term":[{"taxonomy":"category","embeddable":true,"href":"https:\/\/sven-ove.nu\/index.php?rest_route=%2Fwp%2Fv2%2Fcategories&post=6721"},{"taxonomy":"post_tag","embeddable":true,"href":"https:\/\/sven-ove.nu\/index.php?rest_route=%2Fwp%2Fv2%2Ftags&post=6721"}],"curies":[{"name":"wp","href":"https:\/\/api.w.org\/{rel}","templated":true}]}}