{"id":6727,"date":"2013-09-14T03:00:12","date_gmt":"2013-09-14T02:00:12","guid":{"rendered":"http:\/\/sven-ove.nu\/?p=6727"},"modified":"2013-09-13T09:20:41","modified_gmt":"2013-09-13T08:20:41","slug":"en-dag-i-alliansregeringen","status":"publish","type":"post","link":"https:\/\/sven-ove.nu\/?p=6727","title":{"rendered":"En dag i alliansregeringen"},"content":{"rendered":"<p>&#8211; Och s\u00e5 hittar vi p\u00e5 ett jobbskatteavdrag som g\u00f6r s\u00e5 att alla dom mammalediga kvinnorna f\u00e5r betala mer i skatt \u00e4n dom som jobbar.<\/p>\n<p>&#8211; \u00c5 Gud vilken bra id\u00e9. D\u00e5 slutar arbetarna h\u00e5lla p\u00e5 och f\u00f6da s\u00e5 mycket ungar.<\/p>\n<p>&#8211; Precis. Vi ska inte ha en massa nyf\u00f6dda socialdemokrater och v\u00e4nsterpartister i det h\u00e4r landet.<\/p>\n<p>&#8211; Ska vi best\u00e4mma det d\u00e5? Slut med allt j\u00e4mst\u00e4lldhetstjafs. H\u00f6gre skatt f\u00f6r det fruntimmer som \u00e4r hemma och passar sina egna ungar \u00e4n n\u00e4r fruntimret kravlar sig till jobbet och kopierar papper \u00e5t oss?<\/p>\n<p>&#8211; Topp.<\/p>\n<p><a href=\"http:\/\/www.youtube.com\/watch?v=7q7K-6zPb7g&amp;feature=player_detailpage\" target=\"_blank\"><img loading=\"lazy\" decoding=\"async\" class=\"size-medium wp-image-6736 alignright\" alt=\"Beda fr\u00e5n Bogen\" src=\"https:\/\/sven-ove.nu\/wp-content\/uploads\/2013\/09\/Beda-fr\u00e5n-Bogen-300x227.png\" width=\"300\" height=\"227\" srcset=\"https:\/\/sven-ove.nu\/wp-content\/uploads\/2013\/09\/Beda-fr\u00e5n-Bogen-300x227.png 300w, https:\/\/sven-ove.nu\/wp-content\/uploads\/2013\/09\/Beda-fr\u00e5n-Bogen.png 690w\" sizes=\"auto, (max-width: 300px) 100vw, 300px\" \/><\/a><\/p>\n<p>&nbsp;<\/p>\n<p><i>SR Ekot: <a href=\"http:\/\/sverigesradio.se\/sida\/artikel.aspx?programid=83&amp;artikel=5640903\">Femte jobbskatteavdraget: klyftan \u00f6kar<br \/>\n<\/a><\/i><i>SvD: <a href=\"http:\/\/www.svd.se\/naringsliv\/okade-klyftor-med-jobbskatteavdrag_8514330.svd\">\u00d6kade klyftor med jobbskatteavdrag<br \/>\n<\/a><\/i><i>DN: <a href=\"http:\/\/www.dn.se\/Pages\/Article.aspx?id=1035799&amp;epslanguage=sv\">\u00d6kade klyftor med jobbskatteavdrag<br \/>\n<\/a><\/i><i>HD: <a href=\"http:\/\/hd.se\/ekonomi\/2013\/09\/13\/okade-klyftor-med-jobbskatteavdrag\/\">\u00d6kade klyftor<\/a>\u00a0<\/i><i><a href=\"http:\/\/hd.se\/ekonomi\/2013\/09\/13\/okade-klyftor-med-jobbskatteavdrag\/\">med jobbskatteavdrag<br \/>\n<\/a><\/i><i>AB: <a href=\"http:\/\/www.aftonbladet.se\/nyheter\/article17462821.ab\">Klyftan \u00f6kar med ny skattes\u00e4nkning<\/a><\/i><\/p>\n<p>osv<\/p>\n<p style=\"padding-left: 360px;\"><em>D\u00e4 \u00e4 m\u00f6e p\u00e5 gang. (Klicka g\u00e4rna p\u00e5 bilden).<\/em><\/p>\n","protected":false},"excerpt":{"rendered":"<p>&#8211; Och s\u00e5 hittar vi p\u00e5 ett jobbskatteavdrag som g\u00f6r s\u00e5 att alla dom mammalediga kvinnorna f\u00e5r betala mer i skatt \u00e4n dom som jobbar. &#8211; \u00c5 Gud vilken bra id\u00e9. D\u00e5 slutar arbetarna h\u00e5lla p\u00e5 och f\u00f6da s\u00e5 mycket ungar. &#8211; Precis. Vi ska inte ha en massa nyf\u00f6dda socialdemokrater och v\u00e4nsterpartister i det &hellip; <a href=\"https:\/\/sven-ove.nu\/?p=6727\" class=\"more-link\">Forts\u00e4tt l\u00e4sa <span class=\"screen-reader-text\">En dag i alliansregeringen<\/span><\/a><\/p>\n","protected":false},"author":1,"featured_media":0,"comment_status":"open","ping_status":"open","sticky":false,"template":"","format":"standard","meta":{"_crdt_document":"","_monsterinsights_skip_tracking":false,"_monsterinsights_sitenote_active":false,"_monsterinsights_sitenote_note":"","_monsterinsights_sitenote_category":0,"footnotes":""},"categories":[9],"tags":[3,16],"class_list":["post-6727","post","type-post","status-publish","format-standard","hentry","category-politik","tag-arbete","tag-dumheter"],"_links":{"self":[{"href":"https:\/\/sven-ove.nu\/index.php?rest_route=\/wp\/v2\/posts\/6727","targetHints":{"allow":["GET"]}}],"collection":[{"href":"https:\/\/sven-ove.nu\/index.php?rest_route=\/wp\/v2\/posts"}],"about":[{"href":"https:\/\/sven-ove.nu\/index.php?rest_route=\/wp\/v2\/types\/post"}],"author":[{"embeddable":true,"href":"https:\/\/sven-ove.nu\/index.php?rest_route=\/wp\/v2\/users\/1"}],"replies":[{"embeddable":true,"href":"https:\/\/sven-ove.nu\/index.php?rest_route=%2Fwp%2Fv2%2Fcomments&post=6727"}],"version-history":[{"count":20,"href":"https:\/\/sven-ove.nu\/index.php?rest_route=\/wp\/v2\/posts\/6727\/revisions"}],"predecessor-version":[{"id":6729,"href":"https:\/\/sven-ove.nu\/index.php?rest_route=\/wp\/v2\/posts\/6727\/revisions\/6729"}],"wp:attachment":[{"href":"https:\/\/sven-ove.nu\/index.php?rest_route=%2Fwp%2Fv2%2Fmedia&parent=6727"}],"wp:term":[{"taxonomy":"category","embeddable":true,"href":"https:\/\/sven-ove.nu\/index.php?rest_route=%2Fwp%2Fv2%2Fcategories&post=6727"},{"taxonomy":"post_tag","embeddable":true,"href":"https:\/\/sven-ove.nu\/index.php?rest_route=%2Fwp%2Fv2%2Ftags&post=6727"}],"curies":[{"name":"wp","href":"https:\/\/api.w.org\/{rel}","templated":true}]}}