{"id":6751,"date":"2013-09-20T03:00:28","date_gmt":"2013-09-20T02:00:28","guid":{"rendered":"http:\/\/sven-ove.nu\/?p=6751"},"modified":"2013-09-18T16:14:29","modified_gmt":"2013-09-18T15:14:29","slug":"allt-det-spannande-finns-hos-kvinnorna","status":"publish","type":"post","link":"https:\/\/sven-ove.nu\/?p=6751","title":{"rendered":"Allt det sp\u00e4nnande finns hos kvinnorna"},"content":{"rendered":"<p>Det \u00e4r kvinnorna som b\u00e4r v\u00e5r framtid. F\u00f6r mig k\u00e4nns det ofta s\u00e5. Nej, inte alla kvinnor och inte bara de men v\u00e4ldigt ofta. Vilket k\u00f6n \u00e4r mest emot k\u00e4rnkraft och europeisk \u00f6verstat och \u00f6verslant, vilket \u00e4r mest emot styckningen av v\u00e4lf\u00e4rden &#8211; om inte kvinnorna i Sverige? Det \u00e4r ju de som h\u00e5ller uppe de rester av folkhemmet vi fortfarande har kvar.<\/p>\n<p>P\u00e5 slitna armar, ryggar och kn\u00e4n b\u00e4r de den offentliga sektorn, den n\u00f6dv\u00e4ndiga offentliga sektorn. Du tror v\u00e4l inte att det \u00e4r en tillf\u00e4llighet att det s\u00e5 ofta \u00e4r de duktiga och plikttrogna flickorna som blir utbr\u00e4nda?<\/p>\n<p>Knappast.<\/p>\n<p><b>Tre nya favoriter<br \/>\n<\/b>De sp\u00e4nnande bloggarna kommer ocks\u00e5 d\u00e4rifr\u00e5n. N\u00e4r jag ber\u00e4ttade om n\u00e5gra favoritl\u00f6pbloggar f\u00f6r ett tag sedan, var alla skrivna av kvinnor. Ska jag n\u00e4mna tv\u00e5 av mina absoluta bloggfavoriter i andra kategorier s\u00e5 blir det Bodil Malmsten (som jag f\u00f6rst trodde hade slutat) och Adina Magnusson i Kristinehamn (som slutade ungef\u00e4r n\u00e4r jag hittade hennes skrivande).<\/p>\n<p>H\u00e4r \u00e4r i st\u00e4llet tre andra r\u00e4tt nya bekantskaper f\u00f6r mig\u00a0i\u00a0bloggosf\u00e4ren. Alla \u00e4r kloka och vassa, alla \u00e4r roliga (p\u00e5 det ena eller andra s\u00e4ttet) och alla \u00e4r kvinnor. Det \u00e4r ingen tillf\u00e4llighet. Dessutom bekr\u00e4ftar minst tv\u00e5 av dem en annan sak som livet l\u00e4rt mig. Den som \u00e4r fotograf eller konstn\u00e4r har goda f\u00f6ruts\u00e4ttningar att bli en bra skribent.<\/p>\n<p>Hon har l\u00e4rt sig att se<\/p>\n<p><img loading=\"lazy\" decoding=\"async\" class=\"size-full wp-image-6761 alignleft\" alt=\"Hem Vem?\" src=\"https:\/\/sven-ove.nu\/wp-content\/uploads\/2013\/09\/Hem-Vem1.jpg\" width=\"248\" height=\"50\" \/><\/p>\n<p>&nbsp;<\/p>\n<p>&nbsp;<\/p>\n<p><span style=\"text-align: left;\">H\u00e4r \u00e4r de tre. L\u00e4s &amp; bli ber\u00f6rd.<br \/>\n<\/span><strong><a href=\"http:\/\/linaslyna.wordpress.com\">Linaslyna<\/a>\u00a0<\/strong><br \/>\n<strong> <a href=\"http:\/\/www.jessicasegerberg.com\">J. Segerberg<br \/>\n<\/a><a href=\"http:\/\/klingkong.se\/\">Kling Kong<\/a><\/strong><\/p>\n<p>&nbsp;<\/p>\n","protected":false},"excerpt":{"rendered":"<p>Det \u00e4r kvinnorna som b\u00e4r v\u00e5r framtid. F\u00f6r mig k\u00e4nns det ofta s\u00e5. Nej, inte alla kvinnor och inte bara de men v\u00e4ldigt ofta. Vilket k\u00f6n \u00e4r mest emot k\u00e4rnkraft och europeisk \u00f6verstat och \u00f6verslant, vilket \u00e4r mest emot styckningen av v\u00e4lf\u00e4rden &#8211; om inte kvinnorna i Sverige? Det \u00e4r ju de som h\u00e5ller uppe &hellip; <a href=\"https:\/\/sven-ove.nu\/?p=6751\" class=\"more-link\">Forts\u00e4tt l\u00e4sa <span class=\"screen-reader-text\">Allt det sp\u00e4nnande finns hos kvinnorna<\/span><\/a><\/p>\n","protected":false},"author":1,"featured_media":0,"comment_status":"open","ping_status":"open","sticky":false,"template":"","format":"standard","meta":{"_crdt_document":"","_monsterinsights_skip_tracking":false,"_monsterinsights_sitenote_active":false,"_monsterinsights_sitenote_note":"","_monsterinsights_sitenote_category":0,"footnotes":""},"categories":[4],"tags":[18,14],"class_list":["post-6751","post","type-post","status-publish","format-standard","hentry","category-skrivande","tag-lardomar","tag-lasning"],"_links":{"self":[{"href":"https:\/\/sven-ove.nu\/index.php?rest_route=\/wp\/v2\/posts\/6751","targetHints":{"allow":["GET"]}}],"collection":[{"href":"https:\/\/sven-ove.nu\/index.php?rest_route=\/wp\/v2\/posts"}],"about":[{"href":"https:\/\/sven-ove.nu\/index.php?rest_route=\/wp\/v2\/types\/post"}],"author":[{"embeddable":true,"href":"https:\/\/sven-ove.nu\/index.php?rest_route=\/wp\/v2\/users\/1"}],"replies":[{"embeddable":true,"href":"https:\/\/sven-ove.nu\/index.php?rest_route=%2Fwp%2Fv2%2Fcomments&post=6751"}],"version-history":[{"count":18,"href":"https:\/\/sven-ove.nu\/index.php?rest_route=\/wp\/v2\/posts\/6751\/revisions"}],"predecessor-version":[{"id":6754,"href":"https:\/\/sven-ove.nu\/index.php?rest_route=\/wp\/v2\/posts\/6751\/revisions\/6754"}],"wp:attachment":[{"href":"https:\/\/sven-ove.nu\/index.php?rest_route=%2Fwp%2Fv2%2Fmedia&parent=6751"}],"wp:term":[{"taxonomy":"category","embeddable":true,"href":"https:\/\/sven-ove.nu\/index.php?rest_route=%2Fwp%2Fv2%2Fcategories&post=6751"},{"taxonomy":"post_tag","embeddable":true,"href":"https:\/\/sven-ove.nu\/index.php?rest_route=%2Fwp%2Fv2%2Ftags&post=6751"}],"curies":[{"name":"wp","href":"https:\/\/api.w.org\/{rel}","templated":true}]}}