{"id":6776,"date":"2013-09-15T03:00:40","date_gmt":"2013-09-15T02:00:40","guid":{"rendered":"http:\/\/sven-ove.nu\/?p=6776"},"modified":"2013-09-15T11:32:24","modified_gmt":"2013-09-15T10:32:24","slug":"men-blir-det-helt-omojligt","status":"publish","type":"post","link":"https:\/\/sven-ove.nu\/?p=6776","title":{"rendered":"Men blir det helt om\u00f6jligt&#8230;"},"content":{"rendered":"<p><a href=\"https:\/\/sven-ove.nu\/wp-content\/uploads\/2013\/09\/Forshagalinje1.jpg\"><img loading=\"lazy\" decoding=\"async\" class=\"alignleft size-large wp-image-6780\" alt=\"Forshagalinje\" src=\"https:\/\/sven-ove.nu\/wp-content\/uploads\/2013\/09\/Forshagalinje1-1024x959.jpg\" width=\"640\" height=\"599\" srcset=\"https:\/\/sven-ove.nu\/wp-content\/uploads\/2013\/09\/Forshagalinje1-1024x959.jpg 1024w, https:\/\/sven-ove.nu\/wp-content\/uploads\/2013\/09\/Forshagalinje1-300x281.jpg 300w, https:\/\/sven-ove.nu\/wp-content\/uploads\/2013\/09\/Forshagalinje1.jpg 1541w\" sizes=\"auto, (max-width: 640px) 100vw, 640px\" \/><\/a><\/p>\n<p style=\"padding-left: 30px;\">\u2026 f\u00f6r er, karlstadsbor, s\u00e5 \u00e4r ni alltid v\u00e4lkomna att bes\u00f6ka Forshaga. H\u00e4r har vi raka linjer p\u00e5 cykelbanorna och vita cyklar utritade h\u00e4r och d\u00e4r, s\u00e5 ni fr\u00e5n stan ska veta hur ni g\u00f6r.<\/p>\n<p style=\"padding-left: 30px;\">V\u00e4lkomna hit, Petruskiosken har g\u00f4tt mos och i forsen finns det lax.<\/p>\n<p style=\"padding-left: 30px;\"><i>Fotnot: detta aprop\u00e5 fredagens inl\u00e4gg. H\u00e4r kan du l\u00e4sa <a href=\"http:\/\/cykelvag.se\" target=\"_blank\">mer om konsten<\/a>. (Vad viktigare \u00e4r: var 15:e sekund <a href=\"http:\/\/www.svd.se\/nyheter\/utrikes\/lam-vilja-att-bista-syrien_8497390.svd\" target=\"_blank\">flyr en medm\u00e4nniska<\/a> fr\u00e5n det blodiga kriget i Syrien. Sex miljoner \u00e4r p\u00e5 flykt, inom eller utom landet).<\/i><\/p>\n<p>&nbsp;<\/p>\n","protected":false},"excerpt":{"rendered":"<p>\u2026 f\u00f6r er, karlstadsbor, s\u00e5 \u00e4r ni alltid v\u00e4lkomna att bes\u00f6ka Forshaga. H\u00e4r har vi raka linjer p\u00e5 cykelbanorna och vita cyklar utritade h\u00e4r och d\u00e4r, s\u00e5 ni fr\u00e5n stan ska veta hur ni g\u00f6r. V\u00e4lkomna hit, Petruskiosken har g\u00f4tt mos och i forsen finns det lax. Fotnot: detta aprop\u00e5 fredagens inl\u00e4gg. H\u00e4r kan du &hellip; <a href=\"https:\/\/sven-ove.nu\/?p=6776\" class=\"more-link\">Forts\u00e4tt l\u00e4sa <span class=\"screen-reader-text\">Men blir det helt om\u00f6jligt&#8230;<\/span><\/a><\/p>\n","protected":false},"author":1,"featured_media":0,"comment_status":"open","ping_status":"open","sticky":false,"template":"","format":"standard","meta":{"_crdt_document":"","_monsterinsights_skip_tracking":false,"_monsterinsights_sitenote_active":false,"_monsterinsights_sitenote_note":"","_monsterinsights_sitenote_category":0,"footnotes":""},"categories":[9],"tags":[7,20],"class_list":["post-6776","post","type-post","status-publish","format-standard","hentry","category-politik","tag-miljo","tag-rad"],"_links":{"self":[{"href":"https:\/\/sven-ove.nu\/index.php?rest_route=\/wp\/v2\/posts\/6776","targetHints":{"allow":["GET"]}}],"collection":[{"href":"https:\/\/sven-ove.nu\/index.php?rest_route=\/wp\/v2\/posts"}],"about":[{"href":"https:\/\/sven-ove.nu\/index.php?rest_route=\/wp\/v2\/types\/post"}],"author":[{"embeddable":true,"href":"https:\/\/sven-ove.nu\/index.php?rest_route=\/wp\/v2\/users\/1"}],"replies":[{"embeddable":true,"href":"https:\/\/sven-ove.nu\/index.php?rest_route=%2Fwp%2Fv2%2Fcomments&post=6776"}],"version-history":[{"count":7,"href":"https:\/\/sven-ove.nu\/index.php?rest_route=\/wp\/v2\/posts\/6776\/revisions"}],"predecessor-version":[{"id":6792,"href":"https:\/\/sven-ove.nu\/index.php?rest_route=\/wp\/v2\/posts\/6776\/revisions\/6792"}],"wp:attachment":[{"href":"https:\/\/sven-ove.nu\/index.php?rest_route=%2Fwp%2Fv2%2Fmedia&parent=6776"}],"wp:term":[{"taxonomy":"category","embeddable":true,"href":"https:\/\/sven-ove.nu\/index.php?rest_route=%2Fwp%2Fv2%2Fcategories&post=6776"},{"taxonomy":"post_tag","embeddable":true,"href":"https:\/\/sven-ove.nu\/index.php?rest_route=%2Fwp%2Fv2%2Ftags&post=6776"}],"curies":[{"name":"wp","href":"https:\/\/api.w.org\/{rel}","templated":true}]}}