{"id":6785,"date":"2013-09-16T03:00:13","date_gmt":"2013-09-16T02:00:13","guid":{"rendered":"http:\/\/sven-ove.nu\/?p=6785"},"modified":"2013-09-15T20:20:08","modified_gmt":"2013-09-15T19:20:08","slug":"flykten-och-vardfolket","status":"publish","type":"post","link":"https:\/\/sven-ove.nu\/?p=6785","title":{"rendered":"Flykten och v\u00e4rdfolket"},"content":{"rendered":"<p>Jag brukar alltid ber\u00e4tta om siffran 25 per dygn. S\u00e5 m\u00e5nga sm\u00e5jordbruk lades ner i Sverige strax efter mitten av 1960-talet. Det k\u00e4nner jag fortfarande vemod inf\u00f6r.<\/p>\n<p style=\"padding-left: 30px;\"><b>I Syrien flyr en m\u00e4nniska var 15:e sekund fr\u00e5n sitt hem. Tv\u00e5 miljoner har flytt utomlands, fyra miljoner har flytt inom landets gr\u00e4nser.<\/b><\/p>\n<p>Efter 60-talet blev svensk landsbygd enmansbetj\u00e4nad, brukar jag s\u00e4ga. Hos den h\u00e4r 62-\u00e5ringen finns \u00e4rr kvar \u00e4n, fast v\u00e5r flykt sannerligen inte var blodig p\u00e5 minsta s\u00e4tt.<\/p>\n<p>Hur l\u00e4nge sitter \u00e4rren kvar f\u00f6r de syriska flyktingarna? De som \u00f6verlever.<\/p>\n<p><b>Nio\u00e5ringens fr\u00e5ga<br \/>\n<\/b>Inte blir det b\u00e4ttre om de som flytt m\u00f6ts av fr\u00e4mlingsfientlighet fr\u00e5n om\u00e4nskliga, f\u00f6rledda och historiel\u00f6sa personer, d\u00e4r de hamnar. H\u00e4romdagen kunde jag l\u00e4sa f\u00f6ljande p\u00e5 Twitter. Det var skrivet av journalisten och f\u00f6rfattaren <a href=\"http:\/\/sv.wikipedia.org\/wiki\/Dilsa_Demirbag-Sten\">Dilsa Demirbag-Sten<\/a>, som r\u00e5kat g\u00e5 f\u00f6rbi en rasistisk demonstration och dess motdemonstration:<\/p>\n<p style=\"padding-left: 30px;\"><b><i>\u201d<\/i><\/b><i>Passerade demo med dotter (9 \u00e5r). H upprepade fr\u00e5gan: \u2019Visst var de som tycker att vi f\u00e5r vara i Sverige fler \u00e4n rasisterna, m\u00e5nga fler?\u2019.<\/i><\/p>\n<p><i><\/i>Inget barn ska ens beh\u00f6va t\u00e4nka den tanken, \u00e4ven om r\u00e4tt sida ledde.<\/p>\n<p>&nbsp;<\/p>\n<p><a href=\"https:\/\/sven-ove.nu\/wp-content\/uploads\/2013\/09\/V\u00e4gen.jpg\"><img loading=\"lazy\" decoding=\"async\" class=\"alignleft size-full wp-image-6786\" alt=\"V\u00e4gen\" src=\"https:\/\/sven-ove.nu\/wp-content\/uploads\/2013\/09\/V\u00e4gen.jpg\" width=\"230\" height=\"301\" srcset=\"https:\/\/sven-ove.nu\/wp-content\/uploads\/2013\/09\/V\u00e4gen.jpg 230w, https:\/\/sven-ove.nu\/wp-content\/uploads\/2013\/09\/V\u00e4gen-229x300.jpg 229w\" sizes=\"auto, (max-width: 230px) 100vw, 230px\" \/><\/a><\/p>\n<p>&nbsp;<\/p>\n<p>&nbsp;<\/p>\n<p>&nbsp;<\/p>\n<p>&nbsp;<\/p>\n<p>&nbsp;<\/p>\n<p>&nbsp;<\/p>\n<p>&nbsp;<\/p>\n<p><em>Ibland kan mitt svenska vemod k\u00e4nnas \u00a0futtigt.<\/em><\/p>\n<p>&nbsp;<\/p>\n","protected":false},"excerpt":{"rendered":"<p>Jag brukar alltid ber\u00e4tta om siffran 25 per dygn. S\u00e5 m\u00e5nga sm\u00e5jordbruk lades ner i Sverige strax efter mitten av 1960-talet. Det k\u00e4nner jag fortfarande vemod inf\u00f6r. I Syrien flyr en m\u00e4nniska var 15:e sekund fr\u00e5n sitt hem. Tv\u00e5 miljoner har flytt utomlands, fyra miljoner har flytt inom landets gr\u00e4nser. Efter 60-talet blev svensk landsbygd &hellip; <a href=\"https:\/\/sven-ove.nu\/?p=6785\" class=\"more-link\">Forts\u00e4tt l\u00e4sa <span class=\"screen-reader-text\">Flykten och v\u00e4rdfolket<\/span><\/a><\/p>\n","protected":false},"author":1,"featured_media":0,"comment_status":"open","ping_status":"open","sticky":false,"template":"","format":"standard","meta":{"_crdt_document":"","_monsterinsights_skip_tracking":false,"_monsterinsights_sitenote_active":false,"_monsterinsights_sitenote_note":"","_monsterinsights_sitenote_category":0,"footnotes":""},"categories":[9],"tags":[16,8,14,17],"class_list":["post-6785","post","type-post","status-publish","format-standard","hentry","category-politik","tag-dumheter","tag-historia","tag-lasning","tag-solidaritet"],"_links":{"self":[{"href":"https:\/\/sven-ove.nu\/index.php?rest_route=\/wp\/v2\/posts\/6785","targetHints":{"allow":["GET"]}}],"collection":[{"href":"https:\/\/sven-ove.nu\/index.php?rest_route=\/wp\/v2\/posts"}],"about":[{"href":"https:\/\/sven-ove.nu\/index.php?rest_route=\/wp\/v2\/types\/post"}],"author":[{"embeddable":true,"href":"https:\/\/sven-ove.nu\/index.php?rest_route=\/wp\/v2\/users\/1"}],"replies":[{"embeddable":true,"href":"https:\/\/sven-ove.nu\/index.php?rest_route=%2Fwp%2Fv2%2Fcomments&post=6785"}],"version-history":[{"count":6,"href":"https:\/\/sven-ove.nu\/index.php?rest_route=\/wp\/v2\/posts\/6785\/revisions"}],"predecessor-version":[{"id":6796,"href":"https:\/\/sven-ove.nu\/index.php?rest_route=\/wp\/v2\/posts\/6785\/revisions\/6796"}],"wp:attachment":[{"href":"https:\/\/sven-ove.nu\/index.php?rest_route=%2Fwp%2Fv2%2Fmedia&parent=6785"}],"wp:term":[{"taxonomy":"category","embeddable":true,"href":"https:\/\/sven-ove.nu\/index.php?rest_route=%2Fwp%2Fv2%2Fcategories&post=6785"},{"taxonomy":"post_tag","embeddable":true,"href":"https:\/\/sven-ove.nu\/index.php?rest_route=%2Fwp%2Fv2%2Ftags&post=6785"}],"curies":[{"name":"wp","href":"https:\/\/api.w.org\/{rel}","templated":true}]}}