{"id":683,"date":"2011-12-25T16:02:19","date_gmt":"2011-12-25T15:02:19","guid":{"rendered":"http:\/\/sven-ove.nu\/?p=683"},"modified":"2011-12-25T16:10:36","modified_gmt":"2011-12-25T15:10:36","slug":"springer-in-nya-r90n","status":"publish","type":"post","link":"https:\/\/sven-ove.nu\/?p=683","title":{"rendered":"Springer in nya R90:n"},"content":{"rendered":"<p>Juldag, springer in min nya l\u00f6poverall som tomten kom med. Den gamla h\u00f6ll i 14 \u00e5r, innan jag spr\u00e4ckte byxorna n\u00e4r jag kr\u00f6p under ett staket i <a href=\"http:\/\/www.facebook.com\/photo.php?fbid=1725114867747&amp;set=a.1709836845806.74713.1834666167&amp;type=1&amp;theater\" target=\"_blank\">kantarellsomras<\/a>. H\u00e5ller den h\u00e4r lika l\u00e4nge, och statistiken st\u00e4mmer, \u00e4r det min sista eller n\u00e4st sista springoverall. Det k\u00e4nns helt OK. Jag sliter mindre nu, vissa pass \u00e4r kortare\u2026<\/p>\n<p>Svarta byxor, gulsvart jacka. Snart kommer Grossbolstorp att se mig som den l\u00e5gflygande talgoxen, hoppas jag.<\/p>\n<p>Den g\u00e5r bra.<\/p>\n<p><a href=\"https:\/\/sven-ove.nu\/?page_id=102\"><img loading=\"lazy\" decoding=\"async\" class=\"alignleft size-medium wp-image-684\" title=\"Den l\u00e5gflygande talgoxdr\u00e4kten\" src=\"https:\/\/sven-ove.nu\/wp-content\/uploads\/2011\/12\/Den-l\u00e5gflygande-talgoxdr\u00e4kten-300x200.jpg\" alt=\"\" width=\"300\" height=\"200\" srcset=\"https:\/\/sven-ove.nu\/wp-content\/uploads\/2011\/12\/Den-l\u00e5gflygande-talgoxdr\u00e4kten-300x200.jpg 300w, https:\/\/sven-ove.nu\/wp-content\/uploads\/2011\/12\/Den-l\u00e5gflygande-talgoxdr\u00e4kten-1024x682.jpg 1024w\" sizes=\"auto, (max-width: 300px) 100vw, 300px\" \/><\/a><\/p>\n","protected":false},"excerpt":{"rendered":"<p>Juldag, springer in min nya l\u00f6poverall som tomten kom med. Den gamla h\u00f6ll i 14 \u00e5r, innan jag spr\u00e4ckte byxorna n\u00e4r jag kr\u00f6p under ett staket i kantarellsomras. H\u00e5ller den h\u00e4r lika l\u00e4nge, och statistiken st\u00e4mmer, \u00e4r det min sista eller n\u00e4st sista springoverall. Det k\u00e4nns helt OK. Jag sliter mindre nu, vissa pass \u00e4r &hellip; <a href=\"https:\/\/sven-ove.nu\/?p=683\" class=\"more-link\">Forts\u00e4tt l\u00e4sa <span class=\"screen-reader-text\">Springer in nya R90:n<\/span><\/a><\/p>\n","protected":false},"author":1,"featured_media":0,"comment_status":"open","ping_status":"open","sticky":false,"template":"","format":"standard","meta":{"_crdt_document":"","_monsterinsights_skip_tracking":false,"_monsterinsights_sitenote_active":false,"_monsterinsights_sitenote_note":"","_monsterinsights_sitenote_category":0,"footnotes":""},"categories":[5],"tags":[13],"class_list":["post-683","post","type-post","status-publish","format-standard","hentry","category-lopning","tag-utrustning"],"_links":{"self":[{"href":"https:\/\/sven-ove.nu\/index.php?rest_route=\/wp\/v2\/posts\/683","targetHints":{"allow":["GET"]}}],"collection":[{"href":"https:\/\/sven-ove.nu\/index.php?rest_route=\/wp\/v2\/posts"}],"about":[{"href":"https:\/\/sven-ove.nu\/index.php?rest_route=\/wp\/v2\/types\/post"}],"author":[{"embeddable":true,"href":"https:\/\/sven-ove.nu\/index.php?rest_route=\/wp\/v2\/users\/1"}],"replies":[{"embeddable":true,"href":"https:\/\/sven-ove.nu\/index.php?rest_route=%2Fwp%2Fv2%2Fcomments&post=683"}],"version-history":[{"count":3,"href":"https:\/\/sven-ove.nu\/index.php?rest_route=\/wp\/v2\/posts\/683\/revisions"}],"predecessor-version":[{"id":687,"href":"https:\/\/sven-ove.nu\/index.php?rest_route=\/wp\/v2\/posts\/683\/revisions\/687"}],"wp:attachment":[{"href":"https:\/\/sven-ove.nu\/index.php?rest_route=%2Fwp%2Fv2%2Fmedia&parent=683"}],"wp:term":[{"taxonomy":"category","embeddable":true,"href":"https:\/\/sven-ove.nu\/index.php?rest_route=%2Fwp%2Fv2%2Fcategories&post=683"},{"taxonomy":"post_tag","embeddable":true,"href":"https:\/\/sven-ove.nu\/index.php?rest_route=%2Fwp%2Fv2%2Ftags&post=683"}],"curies":[{"name":"wp","href":"https:\/\/api.w.org\/{rel}","templated":true}]}}