{"id":6904,"date":"2013-09-28T03:00:03","date_gmt":"2013-09-28T02:00:03","guid":{"rendered":"http:\/\/sven-ove.nu\/?p=6904"},"modified":"2013-09-28T07:43:30","modified_gmt":"2013-09-28T06:43:30","slug":"det-ska-bli-strangare-registrering-av-sana-som-dig","status":"publish","type":"post","link":"https:\/\/sven-ove.nu\/?p=6904","title":{"rendered":"&#8211; Det ska bli str\u00e4ngare registrering av s\u00e5na som dig"},"content":{"rendered":"<p>En dag blir jag inkallad till kompanichefen p\u00e5 I2. Han som vi b\u00e5de gillar och ogillar h\u00f6gt och rent. St\u00e4ng d\u00f6rren Svensson, s\u00e4ger han och bl\u00e4ddrar i sina papper. Sedan tittar han upp.<\/p>\n<p>&#8211; Det har kommit direktiv uppifr\u00e5n, s\u00e4ger han. Det ska bli str\u00e4ngare registrering av s\u00e5na som dig.<\/p>\n<p><a href=\"https:\/\/sven-ove.nu\/wp-content\/uploads\/2013\/09\/Orange-boll.jpg\"><img loading=\"lazy\" decoding=\"async\" class=\"alignleft size-thumbnail wp-image-6906\" alt=\"Orange boll\" src=\"https:\/\/sven-ove.nu\/wp-content\/uploads\/2013\/09\/Orange-boll-150x150.jpg\" width=\"150\" height=\"150\" \/><\/a>De senaste kv\u00e4llarna har jag t\u00e4nkt r\u00e4tt mycket p\u00e5 den karln och samtalet fr\u00e5n 1971. Med \u00e5ren blev han en tv-k\u00e4ndis p\u00e5 sitt omr\u00e5de och \u00e4rlig har han varit hela tiden, b\u00e5de n\u00e4r det varit bekv\u00e4mt och n\u00e4r det inte varit det. Den g\u00e5ngen trodde jag bara att han ville skr\u00e4mmas och f\u00e5 mig att sluta s\u00e4lja radikala soldattidningar p\u00e5 luckan. Det lyckades inte. Fast f\u00f6rs\u00e4ljningen lyckades inte s\u00e4rskilt bra den heller, om sanningen ska fram.<\/p>\n<p>Samtalet forts\u00e4tter med att kaptenen f\u00f6rh\u00f6r mig i detalj om mina politiska \u00e5sikter. Hur ser jag p\u00e5 f\u00f6rsvaret av Sverige <i>(\u201djotack, jag \u00e4r bondson, torvan ska f\u00f6rsvaras, sen kan vi diskutera hur politiken ska se ut innanf\u00f6r gr\u00e4nserna men torvan \u00e4r helig\u201d),<\/i> hur ser jag p\u00e5 proletariatets diktatur <i>(\u201ddet \u00e4r tv\u00e5 latinska ord som kan betyda n\u00e4stan vad som helst, se bara hur illa det g\u00e5tt i \u00f6ststaterna\u201d)<\/i>, hur ser jag p\u00e5 demokratin <i>(\u201djag vill f\u00f6r\u00e4ndra mycket, kapten, men det vill jag g\u00f6ra tillsammans med svenska folkets majoritet\u201d).<\/i><\/p>\n<p>S\u00e5 d\u00e4r h\u00e5ller det p\u00e5. Till slut konstaterar kaptenen att 112 Svensson bara \u00e4r en radikal socialdemokrat, vad han \u00e4n kallar sig sj\u00e4lv. Det har kaptenen r\u00e4tt i, fast det tar mig n\u00e5gra \u00e5r att inse den saken.<\/p>\n<p><b>Avlyssnade telefoner<br \/>\n<a href=\"https:\/\/sven-ove.nu\/wp-content\/uploads\/2013\/09\/Orange-boll.jpg\"><img loading=\"lazy\" decoding=\"async\" class=\"alignright size-medium wp-image-6906\" alt=\"Orange boll\" src=\"https:\/\/sven-ove.nu\/wp-content\/uploads\/2013\/09\/Orange-boll-179x300.jpg\" width=\"179\" height=\"300\" srcset=\"https:\/\/sven-ove.nu\/wp-content\/uploads\/2013\/09\/Orange-boll-179x300.jpg 179w, https:\/\/sven-ove.nu\/wp-content\/uploads\/2013\/09\/Orange-boll-613x1024.jpg 613w, https:\/\/sven-ove.nu\/wp-content\/uploads\/2013\/09\/Orange-boll.jpg 1552w\" sizes=\"auto, (max-width: 179px) 100vw, 179px\" \/><\/a><\/b>Vi protesterade mot Vietnamkriget. Innerst inne var vi r\u00e4tt s\u00e4kra p\u00e5 att \u00e5tminstone de ledande av oss (dit jag inte h\u00f6rde) fick sina telefoner avlyssnade. Registrerade f\u00f6r v\u00e5ra \u00e5sikter? Sj\u00e4lvklart var vi det, tyckte kamraterna. Minns du inte vad s\u00e4po-m\u00e4nnen fotograferade oss noga n\u00e4r vi demonstrerade mot den amerikanske ambassad\u00f6ren d\u00e5 han bes\u00f6kte \u00c5m\u00e5l?<\/p>\n<p>L\u00e5ngt senare fick jag jobb, f\u00f6rst p\u00e5 den strategiskt viktiga SOS-centralen och senare p\u00e5 R\u00e4ddningsverket som ocks\u00e5 hade viktiga hemligheter f\u00f6r sig. F\u00f6r mig var det inga problem, jag r\u00e5kar tro p\u00e5 demokrati och p\u00e5 organiserad medm\u00e4nsklighet. Ska vi ta till stora ord tycker jag att r\u00e4ddningstj\u00e4nst och ambulanssjukv\u00e5rd sysslar med just det. Organiserad medm\u00e4nsklighet.<\/p>\n<p>Ibland beh\u00f6vs hemligheterna och jag t\u00e4nker sannerligen inte bli f\u00f6rr\u00e4dare och avsl\u00f6ja dem.<\/p>\n<p><b>D\u00e5 log Karl Marx<br \/>\n<\/b>N\u00e5got s\u00e4ger mig att kaptenen faktiskt menade allvar med det d\u00e4r politiska f\u00f6rh\u00f6ret. Jag b\u00f6rjar tro att han aldrig skickade in n\u00e5gon rapport ang\u00e5ende den marxistiskt intresserade telegrafisten p\u00e5 femte kompaniet. Jag fick ju jobben. P\u00e5 R\u00e4ddningsverket fick jag till och med en s\u00e4kerhetsutbildning av en karl fr\u00e5n v\u00e5rt lokala s\u00e4po. D\u00e5 log Karl Marx i sin himmel. L\u00e4r dig nu allt om envarsgripande, viskade det mellan molnen.<\/p>\n<p style=\"padding-left: 30px;\"><b>Det skulle ha varit intressant att se direktivet han hade f\u00e5tt, kompanichefen. Lika intressant hade det varit att se hur det gick till n\u00e4r sk\u00e5nepoliserna fick order att bygga upp sitt register \u00f6ver romska levande och d\u00f6da, vuxna och barn.<\/b><\/p>\n<p style=\"padding-left: 30px;\"><b>Kapten P hade \u00e5tminstone modet att ber\u00e4tta. Varf\u00f6r teg alla dessa poliser i alla \u00e5r? N\u00e5gon av dem m\u00e5ste v\u00e4l \u00e4nd\u00e5 ha haft en viss k\u00e4nsla f\u00f6r anst\u00e4ndighet?<\/b><\/p>\n<p><b><i>\u00a0<\/i><\/b><\/p>\n<p style=\"padding-left: 30px;\"><i><a href=\"https:\/\/sven-ove.nu\/wp-content\/uploads\/2013\/03\/Sp\u00e4nning6.jpg\"><img loading=\"lazy\" decoding=\"async\" class=\"alignleft size-thumbnail wp-image-5211\" alt=\"Sp\u00e4nning\" src=\"https:\/\/sven-ove.nu\/wp-content\/uploads\/2013\/03\/Sp\u00e4nning6-150x150.jpg\" width=\"150\" height=\"150\" \/><\/a>Fotnot: Polisen i Sk\u00e5ne har b\u00f6rjat g\u00f6ra ett register \u00f6ver alla som heter Johansson nu, samt deras barn och avlidna f\u00f6r\u00e4ldrar. Johansson \u00e4r ett genomsnittligt svenskt namn och en av sk\u00e5nepoliserna har h\u00f6rt att det i genomsnitt sker en del brott. N\u00e5gra dessutom med efterlevande till d\u00f6da f\u00f6r\u00e4ldrar inblandade.<\/i><b><i><\/i><\/b><\/p>\n<p style=\"padding-left: 30px;\">\n","protected":false},"excerpt":{"rendered":"<p>En dag blir jag inkallad till kompanichefen p\u00e5 I2. Han som vi b\u00e5de gillar och ogillar h\u00f6gt och rent. St\u00e4ng d\u00f6rren Svensson, s\u00e4ger han och bl\u00e4ddrar i sina papper. Sedan tittar han upp. &#8211; Det har kommit direktiv uppifr\u00e5n, s\u00e4ger han. Det ska bli str\u00e4ngare registrering av s\u00e5na som dig. De senaste kv\u00e4llarna har jag &hellip; <a href=\"https:\/\/sven-ove.nu\/?p=6904\" class=\"more-link\">Forts\u00e4tt l\u00e4sa <span class=\"screen-reader-text\">&#8211; Det ska bli str\u00e4ngare registrering av s\u00e5na som dig<\/span><\/a><\/p>\n","protected":false},"author":1,"featured_media":0,"comment_status":"open","ping_status":"open","sticky":false,"template":"","format":"standard","meta":{"_crdt_document":"","_monsterinsights_skip_tracking":false,"_monsterinsights_sitenote_active":false,"_monsterinsights_sitenote_note":"","_monsterinsights_sitenote_category":0,"footnotes":""},"categories":[10,9],"tags":[16,8,18,17],"class_list":["post-6904","post","type-post","status-publish","format-standard","hentry","category-familjen","category-politik","tag-dumheter","tag-historia","tag-lardomar","tag-solidaritet"],"_links":{"self":[{"href":"https:\/\/sven-ove.nu\/index.php?rest_route=\/wp\/v2\/posts\/6904","targetHints":{"allow":["GET"]}}],"collection":[{"href":"https:\/\/sven-ove.nu\/index.php?rest_route=\/wp\/v2\/posts"}],"about":[{"href":"https:\/\/sven-ove.nu\/index.php?rest_route=\/wp\/v2\/types\/post"}],"author":[{"embeddable":true,"href":"https:\/\/sven-ove.nu\/index.php?rest_route=\/wp\/v2\/users\/1"}],"replies":[{"embeddable":true,"href":"https:\/\/sven-ove.nu\/index.php?rest_route=%2Fwp%2Fv2%2Fcomments&post=6904"}],"version-history":[{"count":8,"href":"https:\/\/sven-ove.nu\/index.php?rest_route=\/wp\/v2\/posts\/6904\/revisions"}],"predecessor-version":[{"id":6918,"href":"https:\/\/sven-ove.nu\/index.php?rest_route=\/wp\/v2\/posts\/6904\/revisions\/6918"}],"wp:attachment":[{"href":"https:\/\/sven-ove.nu\/index.php?rest_route=%2Fwp%2Fv2%2Fmedia&parent=6904"}],"wp:term":[{"taxonomy":"category","embeddable":true,"href":"https:\/\/sven-ove.nu\/index.php?rest_route=%2Fwp%2Fv2%2Fcategories&post=6904"},{"taxonomy":"post_tag","embeddable":true,"href":"https:\/\/sven-ove.nu\/index.php?rest_route=%2Fwp%2Fv2%2Ftags&post=6904"}],"curies":[{"name":"wp","href":"https:\/\/api.w.org\/{rel}","templated":true}]}}