{"id":6919,"date":"2013-09-30T03:00:15","date_gmt":"2013-09-30T02:00:15","guid":{"rendered":"http:\/\/sven-ove.nu\/?p=6919"},"modified":"2013-09-29T10:05:49","modified_gmt":"2013-09-29T09:05:49","slug":"du-syns-sa-anneli","status":"publish","type":"post","link":"https:\/\/sven-ove.nu\/?p=6919","title":{"rendered":"&#8211; Du syns! sa Anneli"},"content":{"rendered":"<p>Det finns yrken d\u00e4r du st\u00e5r p\u00e5 en scen hela tiden. Du jobbar inf\u00f6r \u00f6ppen rid\u00e5, folk ser vad du g\u00f6r, de betalar din l\u00f6n och blir arga om du b\u00e4r dig dumt \u00e5t. Jag t\u00e4nker p\u00e5 yrken som l\u00e4rare, bussf\u00f6rare, pr\u00e4st och butiksbitr\u00e4de.<\/p>\n<p>Och polis.<\/p>\n<p><a href=\"https:\/\/sven-ove.nu\/wp-content\/uploads\/2013\/09\/Karusell\u00e4ngen-n\u00e4ra.jpg\"><img loading=\"lazy\" decoding=\"async\" class=\"size-thumbnail wp-image-6921 alignleft\" alt=\"Karusell\u00e4ngen n\u00e4ra\" src=\"https:\/\/sven-ove.nu\/wp-content\/uploads\/2013\/09\/Karusell\u00e4ngen-n\u00e4ra-150x150.jpg\" width=\"150\" height=\"150\" \/><\/a>Blir du f\u00f6rv\u00e5nad n\u00e4r vissa l\u00e4rare, pr\u00e4ster och bitr\u00e4den inte inser detta? Det blir jag. Du l\u00e4ste v\u00e4l om kvinnan i en skoaff\u00e4r i Karlstad som f\u00f6rklarade f\u00f6r en kund att sm\u00e5 tjejer leker inte, d\u00e4rf\u00f6r sliter de inte skor s\u00e5 h\u00e5rt? \u201dTjejer har inte det behovet.\u201d Du minns v\u00e4l pr\u00e4sten som porrsurfade och l\u00e4raren som <a href=\"http:\/\/nwt.se\/kristinehamn\/article1187280.ece\">bodde p\u00e5 skolan<\/a> i smyg?<\/p>\n<p><b>Som ett russin i synen<br \/>\n<\/b>Eller sk\u00e5nepoliserna. Dessa kl\u00e4mmiga kamrater med datamaskin, som har gjort s\u00e5 att rikspolischefen just nu ser ut som ett romrussin i ansiktet, varje g\u00e5ng han f\u00e5r en tv-kamera framf\u00f6r n\u00e4san.<\/p>\n<p><a href=\"https:\/\/sven-ove.nu\/wp-content\/uploads\/2013\/09\/Karusell\u00e4ngel.jpg\"><img loading=\"lazy\" decoding=\"async\" class=\"alignright size-medium wp-image-6923\" alt=\"Karusell\u00e4ngel\" src=\"https:\/\/sven-ove.nu\/wp-content\/uploads\/2013\/09\/Karusell\u00e4ngel-179x300.jpg\" width=\"179\" height=\"300\" srcset=\"https:\/\/sven-ove.nu\/wp-content\/uploads\/2013\/09\/Karusell\u00e4ngel-179x300.jpg 179w, https:\/\/sven-ove.nu\/wp-content\/uploads\/2013\/09\/Karusell\u00e4ngel-613x1024.jpg 613w, https:\/\/sven-ove.nu\/wp-content\/uploads\/2013\/09\/Karusell\u00e4ngel.jpg 1552w\" sizes=\"auto, (max-width: 179px) 100vw, 179px\" \/><\/a>Fattar de inte? Begriper de inte att de st\u00e5r p\u00e5 en scen? Jag s\u00e4ger som en arbetskamrat p\u00e5 R\u00e4ddningsverket. Det var informations\u00f6vning p\u00e5 en l\u00e4nsstyrelse n\u00e5gonstans i Sverige, vi \u00f6vade informationsberedskap och skulle samverka med en karl fr\u00e5n f\u00f6rsvarsmakten. N\u00e4r karlen kom g\u00e5ende emot oss i den l\u00e5nga korridoren p\u00e5 morgonen fick Anneli se att han bar milit\u00e4r <a href=\"http:\/\/sv.wikipedia.org\/wiki\/M90\">kamouflagedr\u00e4kt<\/a>, m\/90. Nu \u00e4r hon fr\u00e5n Deje och d\u00e4r \u00e4r de rakt p\u00e5 sak n\u00e4r det ska pratas.<\/p>\n<p>&#8211; Du syns! sa Anneli.<\/p>\n<p>Jag tror inte han har h\u00e4mtat sig \u00e4n.<\/p>\n<p>&nbsp;<\/p>\n<p style=\"padding-left: 30px;\"><i><strong>Fotnot<\/strong>: F\u00f6r dig som inte l\u00e4st det, s\u00e5 skrev <\/i><i><a href=\"https:\/\/www.facebook.com\/magdalena.dahlgren?hc_location=timeline\"><b><span style=\"text-decoration: underline;\">Magdalena Dahlgren<\/span><\/b><\/a> s\u00e5 h\u00e4r p\u00e5 facebook den 3 september och fick det delat 453 g\u00e5nger:<\/i><\/p>\n<p style=\"padding-left: 30px;\"><i>\u201dTack k\u00e4ra expedit p\u00e5 Bergkvist skor som talade f\u00f6r mig och min dotter att de skor vi k\u00f6pte f\u00f6r tv\u00e5 veckor sen som s<\/i><i>ulan redan sl\u00e4ppt p\u00e5 (rej\u00e4la svarta k\u00e4ngor) inte t\u00e5lde att \u2019leka och sparka boll\u2019 med utan var till f\u00f6r \u2019tjejer som vill va snygga och tuffa och g\u00e5 p\u00e5 stan och bio\u2019. N\u00e4r jag (givetvis!) ifr\u00e5gasatte denna kvinna (som m\u00e5ste ha tidshoppat hit fr\u00e5n 1950-talet) om inte BARN ska kunna leka i sina skor s\u00e5 <a href=\"https:\/\/www.facebook.com\/magdalena.dahlgren?hc_location=timeline\" target=\"_blank\"><img loading=\"lazy\" decoding=\"async\" class=\"alignright size-medium wp-image-6924\" alt=\"Bergqvists\" src=\"https:\/\/sven-ove.nu\/wp-content\/uploads\/2013\/09\/Bergqvists-300x187.jpg\" width=\"300\" height=\"187\" srcset=\"https:\/\/sven-ove.nu\/wp-content\/uploads\/2013\/09\/Bergqvists-300x187.jpg 300w, https:\/\/sven-ove.nu\/wp-content\/uploads\/2013\/09\/Bergqvists.jpg 521w\" sizes=\"auto, (max-width: 300px) 100vw, 300px\" \/><\/a>fick jag det fantastiska svaret \u2019Tjejer har inte det behovet\u2019. Vilken j\u00e4vla avhyvling hon fick ska ni veta. Tack k\u00e4ra expedit som \u00f6ppnade upp \u00f6gonen p\u00e5 min nio\u00e5riga dotter hur j\u00e4vla dumt det \u00e4r st\u00e4llt. V\u00e4rlden har f\u00e5tt en ny purf\u00e4rsk FEMINIST! Vi kokar b\u00e4gge tv\u00e5.\u201d<\/i><\/p>\n<p style=\"padding-left: 30px;\">\n","protected":false},"excerpt":{"rendered":"<p>Det finns yrken d\u00e4r du st\u00e5r p\u00e5 en scen hela tiden. Du jobbar inf\u00f6r \u00f6ppen rid\u00e5, folk ser vad du g\u00f6r, de betalar din l\u00f6n och blir arga om du b\u00e4r dig dumt \u00e5t. Jag t\u00e4nker p\u00e5 yrken som l\u00e4rare, bussf\u00f6rare, pr\u00e4st och butiksbitr\u00e4de. Och polis. Blir du f\u00f6rv\u00e5nad n\u00e4r vissa l\u00e4rare, pr\u00e4ster och bitr\u00e4den &hellip; <a href=\"https:\/\/sven-ove.nu\/?p=6919\" class=\"more-link\">Forts\u00e4tt l\u00e4sa <span class=\"screen-reader-text\">&#8211; Du syns! sa Anneli<\/span><\/a><\/p>\n","protected":false},"author":1,"featured_media":0,"comment_status":"open","ping_status":"open","sticky":false,"template":"","format":"standard","meta":{"_crdt_document":"","_monsterinsights_skip_tracking":false,"_monsterinsights_sitenote_active":false,"_monsterinsights_sitenote_note":"","_monsterinsights_sitenote_category":0,"footnotes":""},"categories":[4],"tags":[3,18,14,21,20],"class_list":["post-6919","post","type-post","status-publish","format-standard","hentry","category-skrivande","tag-arbete","tag-lardomar","tag-lasning","tag-ord","tag-rad"],"_links":{"self":[{"href":"https:\/\/sven-ove.nu\/index.php?rest_route=\/wp\/v2\/posts\/6919","targetHints":{"allow":["GET"]}}],"collection":[{"href":"https:\/\/sven-ove.nu\/index.php?rest_route=\/wp\/v2\/posts"}],"about":[{"href":"https:\/\/sven-ove.nu\/index.php?rest_route=\/wp\/v2\/types\/post"}],"author":[{"embeddable":true,"href":"https:\/\/sven-ove.nu\/index.php?rest_route=\/wp\/v2\/users\/1"}],"replies":[{"embeddable":true,"href":"https:\/\/sven-ove.nu\/index.php?rest_route=%2Fwp%2Fv2%2Fcomments&post=6919"}],"version-history":[{"count":5,"href":"https:\/\/sven-ove.nu\/index.php?rest_route=\/wp\/v2\/posts\/6919\/revisions"}],"predecessor-version":[{"id":6927,"href":"https:\/\/sven-ove.nu\/index.php?rest_route=\/wp\/v2\/posts\/6919\/revisions\/6927"}],"wp:attachment":[{"href":"https:\/\/sven-ove.nu\/index.php?rest_route=%2Fwp%2Fv2%2Fmedia&parent=6919"}],"wp:term":[{"taxonomy":"category","embeddable":true,"href":"https:\/\/sven-ove.nu\/index.php?rest_route=%2Fwp%2Fv2%2Fcategories&post=6919"},{"taxonomy":"post_tag","embeddable":true,"href":"https:\/\/sven-ove.nu\/index.php?rest_route=%2Fwp%2Fv2%2Ftags&post=6919"}],"curies":[{"name":"wp","href":"https:\/\/api.w.org\/{rel}","templated":true}]}}