{"id":6928,"date":"2013-10-01T03:00:29","date_gmt":"2013-10-01T02:00:29","guid":{"rendered":"http:\/\/sven-ove.nu\/?p=6928"},"modified":"2013-09-29T10:47:45","modified_gmt":"2013-09-29T09:47:45","slug":"det-har-var-inte-latt","status":"publish","type":"post","link":"https:\/\/sven-ove.nu\/?p=6928","title":{"rendered":"&#8221;Det h\u00e4r var inte l\u00e4tt&#8221;"},"content":{"rendered":"<p><i>\u201dDet fattar inte jag heller egentligen. Skriv inte det f\u00f6r guds skull, d\u00e5 \u00e5ker jag ut efter den h\u00e4r artikeln. D\u00e5 f\u00e5r vi en till vilde. Det h\u00e4r var inte l\u00e4tt. Kan jag f\u00e5 svara p\u00e5 det senare?\u201d<\/i><\/p>\n<p><a href=\"https:\/\/sven-ove.nu\/wp-content\/uploads\/2013\/10\/SAOL-fr\u00e5n-mosaisk-till-mosk\u00e9byggnad.jpg\"><img loading=\"lazy\" decoding=\"async\" class=\"size-medium wp-image-6931 alignleft\" alt=\"SAOL fr\u00e5n mosaisk till mosk\u00e9byggnad\" src=\"https:\/\/sven-ove.nu\/wp-content\/uploads\/2013\/10\/SAOL-fr\u00e5n-mosaisk-till-mosk\u00e9byggnad-171x300.jpg\" width=\"171\" height=\"300\" srcset=\"https:\/\/sven-ove.nu\/wp-content\/uploads\/2013\/10\/SAOL-fr\u00e5n-mosaisk-till-mosk\u00e9byggnad-171x300.jpg 171w, https:\/\/sven-ove.nu\/wp-content\/uploads\/2013\/10\/SAOL-fr\u00e5n-mosaisk-till-mosk\u00e9byggnad.jpg 262w\" sizes=\"auto, (max-width: 171px) 100vw, 171px\" \/><\/a>Svaret fr\u00e5n <b>Ulla-Britt \u00c5s\u00e9n<\/b>, ende kvarvarande kommunfullm\u00e4ktigeledamoten f\u00f6r Sverigedemokraterna i Bor\u00e5s, n\u00e4r Bor\u00e5s Tidning fr\u00e5gar henne vad som \u00e4r problemet med ett nytt mosk\u00e9bygge i staden.<\/p>\n<p>Det fattar inte hon heller.<\/p>\n<p>Titta p\u00e5 facsimilen fr\u00e5n Svenska Akademiens Ordlista. D\u00e4r f\u00e5r tre religioner glatt plats bredvid varandra, p\u00e5 bara n\u00e5gra centimeter. I det svenskaste som finns, n\u00e4mligen SAOL.<\/p>\n<p>Gissa var de vackraste mosaikerna finns, Sverigedemokrater.<\/p>\n","protected":false},"excerpt":{"rendered":"<p>\u201dDet fattar inte jag heller egentligen. Skriv inte det f\u00f6r guds skull, d\u00e5 \u00e5ker jag ut efter den h\u00e4r artikeln. D\u00e5 f\u00e5r vi en till vilde. Det h\u00e4r var inte l\u00e4tt. Kan jag f\u00e5 svara p\u00e5 det senare?\u201d Svaret fr\u00e5n Ulla-Britt \u00c5s\u00e9n, ende kvarvarande kommunfullm\u00e4ktigeledamoten f\u00f6r Sverigedemokraterna i Bor\u00e5s, n\u00e4r Bor\u00e5s Tidning fr\u00e5gar henne vad &hellip; <a href=\"https:\/\/sven-ove.nu\/?p=6928\" class=\"more-link\">Forts\u00e4tt l\u00e4sa <span class=\"screen-reader-text\">&#8221;Det h\u00e4r var inte l\u00e4tt&#8221;<\/span><\/a><\/p>\n","protected":false},"author":1,"featured_media":0,"comment_status":"open","ping_status":"open","sticky":false,"template":"","format":"standard","meta":{"_crdt_document":"","_monsterinsights_skip_tracking":false,"_monsterinsights_sitenote_active":false,"_monsterinsights_sitenote_note":"","_monsterinsights_sitenote_category":0,"footnotes":""},"categories":[9],"tags":[15],"class_list":["post-6928","post","type-post","status-publish","format-standard","hentry","category-politik","tag-mediedjungeln"],"_links":{"self":[{"href":"https:\/\/sven-ove.nu\/index.php?rest_route=\/wp\/v2\/posts\/6928","targetHints":{"allow":["GET"]}}],"collection":[{"href":"https:\/\/sven-ove.nu\/index.php?rest_route=\/wp\/v2\/posts"}],"about":[{"href":"https:\/\/sven-ove.nu\/index.php?rest_route=\/wp\/v2\/types\/post"}],"author":[{"embeddable":true,"href":"https:\/\/sven-ove.nu\/index.php?rest_route=\/wp\/v2\/users\/1"}],"replies":[{"embeddable":true,"href":"https:\/\/sven-ove.nu\/index.php?rest_route=%2Fwp%2Fv2%2Fcomments&post=6928"}],"version-history":[{"count":8,"href":"https:\/\/sven-ove.nu\/index.php?rest_route=\/wp\/v2\/posts\/6928\/revisions"}],"predecessor-version":[{"id":6930,"href":"https:\/\/sven-ove.nu\/index.php?rest_route=\/wp\/v2\/posts\/6928\/revisions\/6930"}],"wp:attachment":[{"href":"https:\/\/sven-ove.nu\/index.php?rest_route=%2Fwp%2Fv2%2Fmedia&parent=6928"}],"wp:term":[{"taxonomy":"category","embeddable":true,"href":"https:\/\/sven-ove.nu\/index.php?rest_route=%2Fwp%2Fv2%2Fcategories&post=6928"},{"taxonomy":"post_tag","embeddable":true,"href":"https:\/\/sven-ove.nu\/index.php?rest_route=%2Fwp%2Fv2%2Ftags&post=6928"}],"curies":[{"name":"wp","href":"https:\/\/api.w.org\/{rel}","templated":true}]}}