{"id":6946,"date":"2013-10-04T03:00:27","date_gmt":"2013-10-04T02:00:27","guid":{"rendered":"http:\/\/sven-ove.nu\/?p=6946"},"modified":"2013-10-03T09:32:22","modified_gmt":"2013-10-03T08:32:22","slug":"min-farska-diagnos","status":"publish","type":"post","link":"https:\/\/sven-ove.nu\/?p=6946","title":{"rendered":"Min f\u00e4rska diagnos"},"content":{"rendered":"<p>I l\u00f6rdags kom jag p\u00e5 ordet, jag \u00e4r <b>anekdotiker<\/b>.<\/p>\n<p><a href=\"https:\/\/sven-ove.nu\/wp-content\/uploads\/2013\/10\/I-R\u00f6ros.jpg\"><img loading=\"lazy\" decoding=\"async\" class=\"alignright size-medium wp-image-6950\" alt=\"I R\u00f6ros\" src=\"https:\/\/sven-ove.nu\/wp-content\/uploads\/2013\/10\/I-R\u00f6ros-300x225.jpg\" width=\"300\" height=\"225\" srcset=\"https:\/\/sven-ove.nu\/wp-content\/uploads\/2013\/10\/I-R\u00f6ros-300x225.jpg 300w, https:\/\/sven-ove.nu\/wp-content\/uploads\/2013\/10\/I-R\u00f6ros-1024x768.jpg 1024w\" sizes=\"auto, (max-width: 300px) 100vw, 300px\" \/><\/a>Du m\u00e5ste bara s\u00e4tta ig\u00e5ng mig f\u00f6rst. D\u00e5 kommer det. <em>\u201dJa just det, s\u00e4tta ig\u00e5ng ja. N\u00e4r jag var ung hade vi en traktor som man m\u00e5ste veva ig\u00e5ng. En g\u00e5ng slog veven tillbaka s\u00e5 det slog axeln ur led p\u00e5\u2026\u201d<\/em><\/p>\n<p>En \u00e4kta anekdotiker ber\u00e4ttar varje s\u00e5dant minne minst fem g\u00e5nger i ett normalt fikarum. Det kan vara n\u00e5gon som var borta de f\u00f6rsta fyra g\u00e5ngerna. Man f\u00e5r veva p\u00e5.<\/p>\n<p><em>\u201dJo, vi hade en traktor n\u00e4r jag var barn, en Fordson Major, med vev p\u00e5. En g\u00e5ng\u2026\u201d<\/em><\/p>\n<p style=\"padding-left: 30px;\"><i><strong>Blogganm\u00e4rkning<\/strong>: K\u00e4ra spr\u00e5kforskare, kom ih\u00e5g var ni l\u00e4ste ordet \u201danekdotiker\u201d f\u00f6rst i en svensk text p\u00e5 n\u00e4tet. H\u00e4r. Samma plats d\u00e4r Google allra f\u00f6rst hittade ordet \u201dt\u00f6lsvadd\u201d ocks\u00e5. Mycket viktigt. Inga samband i \u00f6vrigt.<\/i><\/p>\n","protected":false},"excerpt":{"rendered":"<p>I l\u00f6rdags kom jag p\u00e5 ordet, jag \u00e4r anekdotiker. Du m\u00e5ste bara s\u00e4tta ig\u00e5ng mig f\u00f6rst. D\u00e5 kommer det. \u201dJa just det, s\u00e4tta ig\u00e5ng ja. N\u00e4r jag var ung hade vi en traktor som man m\u00e5ste veva ig\u00e5ng. En g\u00e5ng slog veven tillbaka s\u00e5 det slog axeln ur led p\u00e5\u2026\u201d En \u00e4kta anekdotiker ber\u00e4ttar varje &hellip; <a href=\"https:\/\/sven-ove.nu\/?p=6946\" class=\"more-link\">Forts\u00e4tt l\u00e4sa <span class=\"screen-reader-text\">Min f\u00e4rska diagnos<\/span><\/a><\/p>\n","protected":false},"author":1,"featured_media":0,"comment_status":"open","ping_status":"open","sticky":false,"template":"","format":"standard","meta":{"_crdt_document":"","_monsterinsights_skip_tracking":false,"_monsterinsights_sitenote_active":false,"_monsterinsights_sitenote_note":"","_monsterinsights_sitenote_category":0,"footnotes":""},"categories":[10],"tags":[18,15,21],"class_list":["post-6946","post","type-post","status-publish","format-standard","hentry","category-familjen","tag-lardomar","tag-mediedjungeln","tag-ord"],"_links":{"self":[{"href":"https:\/\/sven-ove.nu\/index.php?rest_route=\/wp\/v2\/posts\/6946","targetHints":{"allow":["GET"]}}],"collection":[{"href":"https:\/\/sven-ove.nu\/index.php?rest_route=\/wp\/v2\/posts"}],"about":[{"href":"https:\/\/sven-ove.nu\/index.php?rest_route=\/wp\/v2\/types\/post"}],"author":[{"embeddable":true,"href":"https:\/\/sven-ove.nu\/index.php?rest_route=\/wp\/v2\/users\/1"}],"replies":[{"embeddable":true,"href":"https:\/\/sven-ove.nu\/index.php?rest_route=%2Fwp%2Fv2%2Fcomments&post=6946"}],"version-history":[{"count":8,"href":"https:\/\/sven-ove.nu\/index.php?rest_route=\/wp\/v2\/posts\/6946\/revisions"}],"predecessor-version":[{"id":6984,"href":"https:\/\/sven-ove.nu\/index.php?rest_route=\/wp\/v2\/posts\/6946\/revisions\/6984"}],"wp:attachment":[{"href":"https:\/\/sven-ove.nu\/index.php?rest_route=%2Fwp%2Fv2%2Fmedia&parent=6946"}],"wp:term":[{"taxonomy":"category","embeddable":true,"href":"https:\/\/sven-ove.nu\/index.php?rest_route=%2Fwp%2Fv2%2Fcategories&post=6946"},{"taxonomy":"post_tag","embeddable":true,"href":"https:\/\/sven-ove.nu\/index.php?rest_route=%2Fwp%2Fv2%2Ftags&post=6946"}],"curies":[{"name":"wp","href":"https:\/\/api.w.org\/{rel}","templated":true}]}}