{"id":6965,"date":"2013-10-02T03:00:33","date_gmt":"2013-10-02T02:00:33","guid":{"rendered":"http:\/\/sven-ove.nu\/?p=6965"},"modified":"2013-10-01T21:26:58","modified_gmt":"2013-10-01T20:26:58","slug":"va-koster-en-doktorshatt","status":"publish","type":"post","link":"https:\/\/sven-ove.nu\/?p=6965","title":{"rendered":"Va&#8217; k\u00f4ster en doktorshatt?"},"content":{"rendered":"<p><a href=\"https:\/\/sven-ove.nu\/wp-content\/uploads\/2013\/10\/Flinga.jpg\"><img loading=\"lazy\" decoding=\"async\" class=\"alignleft size-full wp-image-6967\" alt=\"Flinga\" src=\"https:\/\/sven-ove.nu\/wp-content\/uploads\/2013\/10\/Flinga.jpg\" width=\"138\" height=\"105\" \/><\/a>Om du tycker att invandringen till ditt land ska bromsas. Om du tycker att ditt lands mottagning av m\u00e4nniskor fr\u00e5n l\u00e4nder utanf\u00f6r den v\u00e4stliga kulturkretsen ska begr\u00e4nsas kraftigt. Om du tycker att kriterierna f\u00f6r att ge asyl ska tolkas str\u00e4ngt.\u00a0Om du vill inf\u00f6ra kommunal vetor\u00e4tt mot asylmottagning. Om du vill begr\u00e4nsa familjeinvandringen till \u00e4kta makar \u00f6ver 24 \u00e5r och egna barn under 18 \u00e5r. Om du vill inf\u00f6ra spr\u00e5k- och kunskapstester f\u00f6r vuxna familjeinvandrare i hemlandet, innan de kan f\u00e5 uppeh\u00e5llstillst\u00e5nd. Om du kritiskt vill g\u00e5 igenom offentligt st\u00f6d till organisationer och f\u00f6reningar d\u00e4r etnisk bakgrund eller gemensamt hemland \u00e4r kriterium f\u00f6r medlemskap och f\u00f6r organisationens plattform. Om du tycker att n\u00e4r en flyktings behov av skydd \u00e4r \u00f6ver m\u00e5ste han skickas hem. Om du tycker att utl\u00e4ndska medborgare som d\u00f6ms till mer \u00e4n tre m\u00e5naders f\u00e4ngelse ska utvisas.<\/p>\n<p>D\u00e5 kan du bli hedersdoktor vid Karlstads universitet.<\/p>\n<p><b>Ger bort det b\u00e4sta de har<br \/>\n<\/b>Karlstads universitet har en vision. Det vill <i>utmana det etablerade och utforska det ok\u00e4nda. <\/i>Detta \u00e4r sn\u00f6mos. Saken \u00e4r den att det inte \u00e4r i visionerna Karlstads universitet har sin styrka. Det \u00e4r i praktisk handling. <i>\u201dDu har en ton, <a href=\"http:\/\/www.nrk.no\/valg2013\/olav-thon-stotter-frp-i-annonser-1.11203824\">Thon<\/a>. Skrid frem, skrid frem!\u201d <\/i>s\u00e4ger Karlstads universitet och ger bort <a href=\"http:\/\/www.kau.se\/om-universitetet\/aktuellt\/nyheter\/artiklar\/11292\" target=\"_blank\">det b\u00e4sta de har<\/a> till fremskrittaren. Starkt, inte sant?<\/p>\n<p>Det b\u00e4sta de hade \u00e4r <a href=\"http:\/\/www.svt.se\/nyheter\/regionalt\/varmlandsnytt\/biskopen-tackar-nej-i-protest\" target=\"_blank\">borta nu<\/a>. V\u00e4ck m\u00e4 pusta.<\/p>\n<p><a href=\"https:\/\/sven-ove.nu\/wp-content\/uploads\/2013\/10\/Flinga.jpg\"><img loading=\"lazy\" decoding=\"async\" class=\"alignleft size-full wp-image-6967\" alt=\"Flinga\" src=\"https:\/\/sven-ove.nu\/wp-content\/uploads\/2013\/10\/Flinga.jpg\" width=\"138\" height=\"105\" \/><\/a>Det \u00e4r allts\u00e5 inte <b>V\u00e4rml\u00e4ndska Entrepren\u00f6rs-Gulledej<\/b>-priset han f\u00e5r.<br \/>\nInte <b>Gu\u2019-va-g\u00f4tt-m\u00e4-alle-n\u00f4rsker-som-kommer-hit-\u00e5-handler-tack-ska-du-ha<\/b>-medaljen.<br \/>\nInte <b>Vi-\u00e4-bare-LITTE-avundsjuke-men-du-\u00e4-att-en-kl\u00e4mmig-typ-du<\/b>-diplomet.<\/p>\n<p>Det \u00e4r ett hedersdoktorat.<br \/>\nHeders.<br \/>\nH E D E R S.<br \/>\nGer du den \u00e4reg\u00e5van till en fr\u00e4mlingsfientlig. D\u00e5 ger du samtidigt bort n\u00e5got av dig sj\u00e4lv, som du aldrig mer kan f\u00e5 tillbaka av en fr\u00e4mlingsfientlig. Din egen heder.<\/p>\n<p style=\"padding-left: 30px;\"><b><a href=\"https:\/\/sven-ove.nu\/wp-content\/uploads\/2013\/10\/Flinga.jpg\"><img loading=\"lazy\" decoding=\"async\" class=\"size-full wp-image-6967 alignright\" alt=\"Flinga\" src=\"https:\/\/sven-ove.nu\/wp-content\/uploads\/2013\/10\/Flinga.jpg\" width=\"138\" height=\"105\" \/><\/a>Fick du mycket pengar av miljard\u00e4ren Olav Thon, Karlstads universitet? En miljon? Femton? Va\u2019 k\u00f4ster en heder nu f\u00f6r ti\u2019n?<\/b><\/p>\n<p style=\"padding-left: 30px;\"><b>Va\u2019 k\u00f4ster en doktorshatt?<\/b><\/p>\n<p style=\"padding-left: 30px;\">\n","protected":false},"excerpt":{"rendered":"<p>Om du tycker att invandringen till ditt land ska bromsas. Om du tycker att ditt lands mottagning av m\u00e4nniskor fr\u00e5n l\u00e4nder utanf\u00f6r den v\u00e4stliga kulturkretsen ska begr\u00e4nsas kraftigt. Om du tycker att kriterierna f\u00f6r att ge asyl ska tolkas str\u00e4ngt.\u00a0Om du vill inf\u00f6ra kommunal vetor\u00e4tt mot asylmottagning. Om du vill begr\u00e4nsa familjeinvandringen till \u00e4kta makar &hellip; <a href=\"https:\/\/sven-ove.nu\/?p=6965\" class=\"more-link\">Forts\u00e4tt l\u00e4sa <span class=\"screen-reader-text\">Va&#8217; k\u00f4ster en doktorshatt?<\/span><\/a><\/p>\n","protected":false},"author":1,"featured_media":0,"comment_status":"open","ping_status":"open","sticky":false,"template":"","format":"standard","meta":{"_crdt_document":"","_monsterinsights_skip_tracking":false,"_monsterinsights_sitenote_active":false,"_monsterinsights_sitenote_note":"","_monsterinsights_sitenote_category":0,"footnotes":""},"categories":[9],"tags":[16],"class_list":["post-6965","post","type-post","status-publish","format-standard","hentry","category-politik","tag-dumheter"],"_links":{"self":[{"href":"https:\/\/sven-ove.nu\/index.php?rest_route=\/wp\/v2\/posts\/6965","targetHints":{"allow":["GET"]}}],"collection":[{"href":"https:\/\/sven-ove.nu\/index.php?rest_route=\/wp\/v2\/posts"}],"about":[{"href":"https:\/\/sven-ove.nu\/index.php?rest_route=\/wp\/v2\/types\/post"}],"author":[{"embeddable":true,"href":"https:\/\/sven-ove.nu\/index.php?rest_route=\/wp\/v2\/users\/1"}],"replies":[{"embeddable":true,"href":"https:\/\/sven-ove.nu\/index.php?rest_route=%2Fwp%2Fv2%2Fcomments&post=6965"}],"version-history":[{"count":15,"href":"https:\/\/sven-ove.nu\/index.php?rest_route=\/wp\/v2\/posts\/6965\/revisions"}],"predecessor-version":[{"id":6982,"href":"https:\/\/sven-ove.nu\/index.php?rest_route=\/wp\/v2\/posts\/6965\/revisions\/6982"}],"wp:attachment":[{"href":"https:\/\/sven-ove.nu\/index.php?rest_route=%2Fwp%2Fv2%2Fmedia&parent=6965"}],"wp:term":[{"taxonomy":"category","embeddable":true,"href":"https:\/\/sven-ove.nu\/index.php?rest_route=%2Fwp%2Fv2%2Fcategories&post=6965"},{"taxonomy":"post_tag","embeddable":true,"href":"https:\/\/sven-ove.nu\/index.php?rest_route=%2Fwp%2Fv2%2Ftags&post=6965"}],"curies":[{"name":"wp","href":"https:\/\/api.w.org\/{rel}","templated":true}]}}