{"id":6988,"date":"2013-10-05T03:00:31","date_gmt":"2013-10-05T02:00:31","guid":{"rendered":"http:\/\/sven-ove.nu\/?p=6988"},"modified":"2013-10-04T18:57:27","modified_gmt":"2013-10-04T17:57:27","slug":"genvag-over-skogen-fran-marbacka","status":"publish","type":"post","link":"https:\/\/sven-ove.nu\/?p=6988","title":{"rendered":"Genv\u00e4g \u00f6ver skogen fr\u00e5n M\u00e5rbacka"},"content":{"rendered":"<p>L\u00f6rdagsfrukost med extra allt. I dag ska vi ut i skogen och h\u00e4mta mat. Sedan ska vi \u00e4ta den. Sm\u00e5ningom far vi till M\u00e5rbacka p\u00e5 teater, vi \u00e4r nu en g\u00e5ng hemligt f\u00f6r\u00e4lskade i fr\u00f6ken Selma Ottilia Lovisa Lagerl\u00f6f. <a href=\"http:\/\/www.vastanateater.se\/index.php\/sv\/pa-turne\">V\u00e4stan\u00e5 teater<\/a> har premi\u00e4r p\u00e5 Farmors historier, magen pirrar redan.<\/p>\n<p>Det har varit bloggens b\u00e4sta bes\u00f6ksvecka. Allra mest klickade ni fram <a href=\"https:\/\/sven-ove.nu\/?p=6860\">det h\u00e4r inl\u00e4gget<\/a>, en dag slog det alla rekord. Jag \u00e4r barnsligt glad.<\/p>\n<p style=\"padding-left: 30px;\"><b>Annars \u00e4r mitt \u00f6dmjuka f\u00f6rslag till l\u00f6rdagsl\u00e4sning <a href=\"http:\/\/tankesmedjanida.se\/?chronicle=telefonoren-forsoker-bli-kvitt-de-slemmiga-kannibalerna\">denna kr\u00f6nika<\/a>, som d\u00e4remot n\u00e4stan ingen klickade fram via bloggen. Jag som var s\u00e5 n\u00f6jd med den roliga po\u00e4ngen (som min k\u00e4ra v\u00e4n hade hittat p\u00e5)\u2026<\/b><\/p>\n<p>I kv\u00e4ll \u00e4r det K\u00f6rslaget p\u00e5 tv. Sj\u00e4lva m\u00e5ste vi f\u00f6rst hinna hem i tid. Kan man gena fr\u00e5n M\u00e5rbacka till Grossbolstorp? G\u00e4ssen p\u00e5 trakten har inte visat n\u00e5gon \u00f6verdriven lust att frakta folk \u00f6ver skogen den senaste tiden.<\/p>\n<p>Munkfors sak \u00e4r v\u00e5r.<\/p>\n<p>&nbsp;<\/p>\n<p style=\"padding-left: 30px;\"><a href=\"https:\/\/sven-ove.nu\/wp-content\/uploads\/2013\/10\/Farmors-historier.jpg\"><img loading=\"lazy\" decoding=\"async\" class=\"alignleft size-full wp-image-6990\" alt=\"Farmors historier\" src=\"https:\/\/sven-ove.nu\/wp-content\/uploads\/2013\/10\/Farmors-historier.jpg\" width=\"650\" height=\"475\" srcset=\"https:\/\/sven-ove.nu\/wp-content\/uploads\/2013\/10\/Farmors-historier.jpg 650w, https:\/\/sven-ove.nu\/wp-content\/uploads\/2013\/10\/Farmors-historier-300x219.jpg 300w\" sizes=\"auto, (max-width: 650px) 100vw, 650px\" \/><\/a><\/p>\n<p style=\"padding-left: 30px;\"><i><strong>Farmors historier<\/strong>, premi\u00e4r i kv\u00e4ll. Hanna Kulle<\/i><i>, Adriana Savin och Margit Myhr fr\u00e5n V\u00e4stan\u00e5 teater ber\u00e4ttar n\u00e5gra av de gamla historierna, tillsammans med v\u00e4rml\u00e4ndska folkvisor. Foto: Jacob Hultcrantz Hansson.<\/i><i><\/i><\/p>\n","protected":false},"excerpt":{"rendered":"<p>L\u00f6rdagsfrukost med extra allt. I dag ska vi ut i skogen och h\u00e4mta mat. Sedan ska vi \u00e4ta den. Sm\u00e5ningom far vi till M\u00e5rbacka p\u00e5 teater, vi \u00e4r nu en g\u00e5ng hemligt f\u00f6r\u00e4lskade i fr\u00f6ken Selma Ottilia Lovisa Lagerl\u00f6f. V\u00e4stan\u00e5 teater har premi\u00e4r p\u00e5 Farmors historier, magen pirrar redan. Det har varit bloggens b\u00e4sta bes\u00f6ksvecka. &hellip; <a href=\"https:\/\/sven-ove.nu\/?p=6988\" class=\"more-link\">Forts\u00e4tt l\u00e4sa <span class=\"screen-reader-text\">Genv\u00e4g \u00f6ver skogen fr\u00e5n M\u00e5rbacka<\/span><\/a><\/p>\n","protected":false},"author":1,"featured_media":0,"comment_status":"open","ping_status":"open","sticky":false,"template":"","format":"standard","meta":{"_crdt_document":"","_monsterinsights_skip_tracking":false,"_monsterinsights_sitenote_active":false,"_monsterinsights_sitenote_note":"","_monsterinsights_sitenote_category":0,"footnotes":""},"categories":[10,4],"tags":[24,14,15],"class_list":["post-6988","post","type-post","status-publish","format-standard","hentry","category-familjen","category-skrivande","tag-karlek","tag-lasning","tag-mediedjungeln"],"_links":{"self":[{"href":"https:\/\/sven-ove.nu\/index.php?rest_route=\/wp\/v2\/posts\/6988","targetHints":{"allow":["GET"]}}],"collection":[{"href":"https:\/\/sven-ove.nu\/index.php?rest_route=\/wp\/v2\/posts"}],"about":[{"href":"https:\/\/sven-ove.nu\/index.php?rest_route=\/wp\/v2\/types\/post"}],"author":[{"embeddable":true,"href":"https:\/\/sven-ove.nu\/index.php?rest_route=\/wp\/v2\/users\/1"}],"replies":[{"embeddable":true,"href":"https:\/\/sven-ove.nu\/index.php?rest_route=%2Fwp%2Fv2%2Fcomments&post=6988"}],"version-history":[{"count":5,"href":"https:\/\/sven-ove.nu\/index.php?rest_route=\/wp\/v2\/posts\/6988\/revisions"}],"predecessor-version":[{"id":6994,"href":"https:\/\/sven-ove.nu\/index.php?rest_route=\/wp\/v2\/posts\/6988\/revisions\/6994"}],"wp:attachment":[{"href":"https:\/\/sven-ove.nu\/index.php?rest_route=%2Fwp%2Fv2%2Fmedia&parent=6988"}],"wp:term":[{"taxonomy":"category","embeddable":true,"href":"https:\/\/sven-ove.nu\/index.php?rest_route=%2Fwp%2Fv2%2Fcategories&post=6988"},{"taxonomy":"post_tag","embeddable":true,"href":"https:\/\/sven-ove.nu\/index.php?rest_route=%2Fwp%2Fv2%2Ftags&post=6988"}],"curies":[{"name":"wp","href":"https:\/\/api.w.org\/{rel}","templated":true}]}}