{"id":7010,"date":"2013-10-06T17:39:27","date_gmt":"2013-10-06T16:39:27","guid":{"rendered":"http:\/\/sven-ove.nu\/?p=7010"},"modified":"2013-10-06T18:16:53","modified_gmt":"2013-10-06T17:16:53","slug":"munkfors-sak-ar-var-hjaltarnas-aterkomst","status":"publish","type":"post","link":"https:\/\/sven-ove.nu\/?p=7010","title":{"rendered":"Munkfors sak \u00e4r v\u00e5r &#8211; Hj\u00e4ltarnas \u00e5terkomst"},"content":{"rendered":"<p><b><a href=\"https:\/\/sven-ove.nu\/wp-content\/uploads\/2013\/10\/Hj\u00e4ltarnas-\u00e5terkomst.jpg\"><img loading=\"lazy\" decoding=\"async\" class=\"alignleft size-large wp-image-7011\" alt=\"Hj\u00e4ltarnas \u00e5terkomst\" src=\"https:\/\/sven-ove.nu\/wp-content\/uploads\/2013\/10\/Hj\u00e4ltarnas-\u00e5terkomst-1024x877.jpg\" width=\"640\" height=\"548\" srcset=\"https:\/\/sven-ove.nu\/wp-content\/uploads\/2013\/10\/Hj\u00e4ltarnas-\u00e5terkomst-1024x877.jpg 1024w, https:\/\/sven-ove.nu\/wp-content\/uploads\/2013\/10\/Hj\u00e4ltarnas-\u00e5terkomst-300x257.jpg 300w, https:\/\/sven-ove.nu\/wp-content\/uploads\/2013\/10\/Hj\u00e4ltarnas-\u00e5terkomst.jpg 1551w\" sizes=\"auto, (max-width: 640px) 100vw, 640px\" \/><\/a><\/b><\/p>\n<p style=\"padding-left: 30px;\"><i>Torget i Munkfors, s\u00f6ndag. Ungef\u00e4r halva kommunen p\u00e5 plats f\u00f6r att fira de 20 som gett orten sj\u00e4lvf\u00f6rtroendet tillbaka.<\/i><\/p>\n<p>Vad det handlar om \u00e4r David mot Goliat. Den lilla lilla 3 600-personerskommunen mot resten av v\u00e4rlden. Revanschen p\u00e5 storsamh\u00e4llet.<\/p>\n<p><b>Vad det handlar om \u00e4r solidaritet, n\u00e4r en alldeles vanlig bruksort reser sig tillsammans, gl\u00f6mmer Jante och olika uppfattningar och s\u00e4ger att \u201dNu j\u00e4drar g\u00f6r vi det h\u00e4r tillsammans. Nu tar vi dom!\u201d<\/b><\/p>\n<p>Vad det handlar om \u00e4r v\u00e4nskap. Jag tycker ju om b\u00e5de Munkfors och dess k\u00f6r. N\u00e5gra k\u00e4nner jag, n\u00e5gra \u00e4r bekantas bekanta, n\u00e5gra \u00e4r bekantas barn. Det \u00e4r s\u00e5 roligt att de lyckas.<\/p>\n<p><b>Vad det handlar om \u00e4r att ge cynikerna fel. Jag bryr mig inte om hur l\u00e4nge Anna Book har bott i Munkfors och hur stockholmarna tycker att v\u00e4rml\u00e4ndskan l\u00e5ter i tv.<\/b><\/p>\n<p>Vad det handlar om \u00e4r att <a href=\"http:\/\/www.tv4.se\/k%C3%B6rslaget\">K\u00f6rslaget<\/a> \u00e4r ett av f\u00e5 program i sitt slag, d\u00e4r det inte sitter en jury och f\u00f6rnedrar, inga \u00f6-r\u00e5d som l\u00e4r Sveriges barn att egoismen ska segra.<\/p>\n<p style=\"padding-left: 60px;\">*<\/p>\n<p><a href=\"https:\/\/sven-ove.nu\/wp-content\/uploads\/2013\/10\/Hundarna-h\u00e5ller-med.jpg\"><img loading=\"lazy\" decoding=\"async\" class=\"size-medium wp-image-7012 alignright\" alt=\"Hundarna h\u00e5ller med\" src=\"https:\/\/sven-ove.nu\/wp-content\/uploads\/2013\/10\/Hundarna-h\u00e5ller-med-171x300.jpg\" width=\"171\" height=\"300\" srcset=\"https:\/\/sven-ove.nu\/wp-content\/uploads\/2013\/10\/Hundarna-h\u00e5ller-med-171x300.jpg 171w, https:\/\/sven-ove.nu\/wp-content\/uploads\/2013\/10\/Hundarna-h\u00e5ller-med.jpg 183w\" sizes=\"auto, (max-width: 171px) 100vw, 171px\" \/><\/a>Vad det <span style=\"text-decoration: underline;\">inte<\/span> handlar om \u00e4r vilka l\u00e5tar de sjunger. Det \u00e4r inte alltid min musik.<\/p>\n<p>Vad det <span style=\"text-decoration: underline;\">inte<\/span> handlar om \u00e4r Anna Book. Hon \u00e4r inte min sorts s\u00e5ngerska. (Fast sjunga kan hon och i dag p\u00e5 centrum i Munkfors har jag l\u00e4rt mig att hon b\u00e5de \u00e4r rolig och kan s\u00e4ga \u201dkyss mig i r\u00f4va\u201d p\u00e5 allt annat \u00e4n stureplanska).<\/p>\n<p>Vad det <span style=\"text-decoration: underline;\">inte<\/span> handlar om \u00e4r en kanal med bedr\u00f6vliga reklamavbrott.<\/p>\n<p style=\"padding-left: 60px;\">*<\/p>\n<p>Det handlar om solidaritet. Jag r\u00e5kar gilla st\u00f6niga smeder. Det \u00e4r d\u00e4rf\u00f6r jag tycker <a href=\"https:\/\/sven-ove.nu\/?p=6860\">Munkfors sak \u00e4r v\u00e5r<\/a>.<\/p>\n<p>Bilderna \u00e4r fr\u00e5n torget i Munkfors i dag p\u00e5 s\u00f6ndagseftermiddagen. \u201dHj\u00e4ltarnas \u00e5terkomst\u201d heter showen. Precis s\u00e5 ser vi p\u00e5 saken. Hj\u00e4ltarna.<\/p>\n<p><a href=\"https:\/\/sven-ove.nu\/wp-content\/uploads\/2013\/10\/Hundarna-h\u00e5ller-med.jpg\"><img loading=\"lazy\" decoding=\"async\" class=\"alignleft size-medium wp-image-7012\" alt=\"Hundarna h\u00e5ller med\" src=\"https:\/\/sven-ove.nu\/wp-content\/uploads\/2013\/10\/Hundarna-h\u00e5ller-med-171x300.jpg\" width=\"171\" height=\"300\" srcset=\"https:\/\/sven-ove.nu\/wp-content\/uploads\/2013\/10\/Hundarna-h\u00e5ller-med-171x300.jpg 171w, https:\/\/sven-ove.nu\/wp-content\/uploads\/2013\/10\/Hundarna-h\u00e5ller-med.jpg 183w\" sizes=\"auto, (max-width: 171px) 100vw, 171px\" \/><\/a>Showen blev rej\u00e4lt f\u00f6rsenad, f\u00f6r vi fick v\u00e4nta p\u00e5 tv-teamet fr\u00e5n Stockholm. De k\u00f6rde fel i Karlstad och for till Grums. Fundera \u00f6ver vilket budskap det s\u00e4nder. \u00c4r det en h\u00e4lsning att vi p\u00e5 vischan inte \u00e4r n\u00e5got v\u00e4rda? \u00c4r det t\u00e4ndv\u00e4tska? En storstadsnonchalans som f\u00e5r s\u00e5dana som jag att f\u00f6rv\u00e5nat r\u00f6sta i ett lekprogram i TV4.<\/p>\n<p style=\"padding-left: 30px;\"><b>N\u00e4r inte ens arrang\u00f6rerna sj\u00e4lva hittar till de sm\u00e5 orternas Sverige. D\u00e5 \u00e4r det dags att vi l\u00e5ter en s\u00e5dan ort vinna.<\/b><\/p>\n<p style=\"padding-left: 30px;\"><b>Munkfors sak \u00e4r v\u00e5r.<\/b><\/p>\n<p style=\"padding-left: 30px;\">\n","protected":false},"excerpt":{"rendered":"<p>Torget i Munkfors, s\u00f6ndag. Ungef\u00e4r halva kommunen p\u00e5 plats f\u00f6r att fira de 20 som gett orten sj\u00e4lvf\u00f6rtroendet tillbaka. Vad det handlar om \u00e4r David mot Goliat. Den lilla lilla 3 600-personerskommunen mot resten av v\u00e4rlden. Revanschen p\u00e5 storsamh\u00e4llet. Vad det handlar om \u00e4r solidaritet, n\u00e4r en alldeles vanlig bruksort reser sig tillsammans, gl\u00f6mmer Jante &hellip; <a href=\"https:\/\/sven-ove.nu\/?p=7010\" class=\"more-link\">Forts\u00e4tt l\u00e4sa <span class=\"screen-reader-text\">Munkfors sak \u00e4r v\u00e5r &#8211; Hj\u00e4ltarnas \u00e5terkomst<\/span><\/a><\/p>\n","protected":false},"author":1,"featured_media":0,"comment_status":"open","ping_status":"open","sticky":false,"template":"","format":"standard","meta":{"_crdt_document":"","_monsterinsights_skip_tracking":false,"_monsterinsights_sitenote_active":false,"_monsterinsights_sitenote_note":"","_monsterinsights_sitenote_category":0,"footnotes":""},"categories":[10,9],"tags":[24,17],"class_list":["post-7010","post","type-post","status-publish","format-standard","hentry","category-familjen","category-politik","tag-karlek","tag-solidaritet"],"_links":{"self":[{"href":"https:\/\/sven-ove.nu\/index.php?rest_route=\/wp\/v2\/posts\/7010","targetHints":{"allow":["GET"]}}],"collection":[{"href":"https:\/\/sven-ove.nu\/index.php?rest_route=\/wp\/v2\/posts"}],"about":[{"href":"https:\/\/sven-ove.nu\/index.php?rest_route=\/wp\/v2\/types\/post"}],"author":[{"embeddable":true,"href":"https:\/\/sven-ove.nu\/index.php?rest_route=\/wp\/v2\/users\/1"}],"replies":[{"embeddable":true,"href":"https:\/\/sven-ove.nu\/index.php?rest_route=%2Fwp%2Fv2%2Fcomments&post=7010"}],"version-history":[{"count":3,"href":"https:\/\/sven-ove.nu\/index.php?rest_route=\/wp\/v2\/posts\/7010\/revisions"}],"predecessor-version":[{"id":7015,"href":"https:\/\/sven-ove.nu\/index.php?rest_route=\/wp\/v2\/posts\/7010\/revisions\/7015"}],"wp:attachment":[{"href":"https:\/\/sven-ove.nu\/index.php?rest_route=%2Fwp%2Fv2%2Fmedia&parent=7010"}],"wp:term":[{"taxonomy":"category","embeddable":true,"href":"https:\/\/sven-ove.nu\/index.php?rest_route=%2Fwp%2Fv2%2Fcategories&post=7010"},{"taxonomy":"post_tag","embeddable":true,"href":"https:\/\/sven-ove.nu\/index.php?rest_route=%2Fwp%2Fv2%2Ftags&post=7010"}],"curies":[{"name":"wp","href":"https:\/\/api.w.org\/{rel}","templated":true}]}}