{"id":7020,"date":"2013-10-10T03:00:29","date_gmt":"2013-10-10T02:00:29","guid":{"rendered":"http:\/\/sven-ove.nu\/?p=7020"},"modified":"2013-10-09T17:36:54","modified_gmt":"2013-10-09T16:36:54","slug":"oktober-ar-den-tiden","status":"publish","type":"post","link":"https:\/\/sven-ove.nu\/?p=7020","title":{"rendered":"Oktober \u00e4r den tiden"},"content":{"rendered":"<p>Det \u00e4r den tid p\u00e5 \u00e5ret d\u00e5 m\u00e4nniskan bygger v\u00e4rldar och skapar framtid. Folk g\u00e5r till sina jobb och utr\u00e4ttar, projekt v\u00e4xer fram, byggnader byggs, hem blir inredda, produkter f\u00e4rdiga, vackra saker f\u00f6ds p\u00e5 ritningar, studiecirklar startar, s\u00e5nger skrivs, bilder f\u00f6ds, stora tankar.<\/p>\n<p><a href=\"https:\/\/sven-ove.nu\/wp-content\/uploads\/2013\/10\/Aronia.jpg\"><img loading=\"lazy\" decoding=\"async\" class=\"size-medium wp-image-7022 alignright\" alt=\"Aronia\" src=\"https:\/\/sven-ove.nu\/wp-content\/uploads\/2013\/10\/Aronia-300x176.jpg\" width=\"300\" height=\"176\" srcset=\"https:\/\/sven-ove.nu\/wp-content\/uploads\/2013\/10\/Aronia-300x176.jpg 300w, https:\/\/sven-ove.nu\/wp-content\/uploads\/2013\/10\/Aronia-1024x603.jpg 1024w, https:\/\/sven-ove.nu\/wp-content\/uploads\/2013\/10\/Aronia.jpg 1123w\" sizes=\"auto, (max-width: 300px) 100vw, 300px\" \/><\/a>Oktober \u00e4r den tiden. De svaga tror att det \u00e4r h\u00f6st men <a href=\"http:\/\/runeberg.org\/fridlust\/3_1_04.html\">Karlfeldt<\/a> visste b\u00e4ttre. Det \u00e4r en v\u00e5r. En f\u00e4rgglad tid d\u00e5 \u00e4ven naturen bygger nya anlag, f\u00f6rbereder det som ska explodera i f\u00e4rgen gr\u00f6nt i maj.<\/p>\n<p>H\u00e4r hemma brinner <a href=\"http:\/\/www.blomsterlandet.se\/Tips-och-artiklar\/Tips-och-artiklar\/Tradgard\/Barbuskar\/Ovriga-bar\/Aronia-vacker-och-nyttig\/\">aroniabuskarna<\/a> vi planterade nu oranger\u00f6da bredvid gr\u00e4smattan. Snart ska de t\u00e4ckas av sn\u00f6 f\u00f6r andra g\u00e5ngen i sina liv.<\/p>\n<p>Jag l\u00e4ngtar.<br \/>\nDit ocks\u00e5.<br \/>\nMen f\u00f6rst har jag en oranger\u00f6d f\u00e4rg att lagra i minnet.<\/p>\n<p><a href=\"https:\/\/sven-ove.nu\/wp-content\/uploads\/2013\/10\/Buskarna-brinner.jpg\"><img loading=\"lazy\" decoding=\"async\" class=\"alignleft size-large wp-image-7028\" alt=\"Buskarna brinner\" src=\"https:\/\/sven-ove.nu\/wp-content\/uploads\/2013\/10\/Buskarna-brinner-1024x768.jpg\" width=\"640\" height=\"480\" srcset=\"https:\/\/sven-ove.nu\/wp-content\/uploads\/2013\/10\/Buskarna-brinner-1024x768.jpg 1024w, https:\/\/sven-ove.nu\/wp-content\/uploads\/2013\/10\/Buskarna-brinner-300x225.jpg 300w, https:\/\/sven-ove.nu\/wp-content\/uploads\/2013\/10\/Buskarna-brinner.jpg 1600w\" sizes=\"auto, (max-width: 640px) 100vw, 640px\" \/><\/a><\/p>\n<p style=\"padding-left: 30px;\"><i>\u00a0<\/i><\/p>\n","protected":false},"excerpt":{"rendered":"<p>Det \u00e4r den tid p\u00e5 \u00e5ret d\u00e5 m\u00e4nniskan bygger v\u00e4rldar och skapar framtid. Folk g\u00e5r till sina jobb och utr\u00e4ttar, projekt v\u00e4xer fram, byggnader byggs, hem blir inredda, produkter f\u00e4rdiga, vackra saker f\u00f6ds p\u00e5 ritningar, studiecirklar startar, s\u00e5nger skrivs, bilder f\u00f6ds, stora tankar. Oktober \u00e4r den tiden. De svaga tror att det \u00e4r h\u00f6st men &hellip; <a href=\"https:\/\/sven-ove.nu\/?p=7020\" class=\"more-link\">Forts\u00e4tt l\u00e4sa <span class=\"screen-reader-text\">Oktober \u00e4r den tiden<\/span><\/a><\/p>\n","protected":false},"author":1,"featured_media":0,"comment_status":"open","ping_status":"open","sticky":false,"template":"","format":"standard","meta":{"_crdt_document":"","_monsterinsights_skip_tracking":false,"_monsterinsights_sitenote_active":false,"_monsterinsights_sitenote_note":"","_monsterinsights_sitenote_category":0,"footnotes":""},"categories":[10,6,4],"tags":[3,24,18,7],"class_list":["post-7020","post","type-post","status-publish","format-standard","hentry","category-familjen","category-natur","category-skrivande","tag-arbete","tag-karlek","tag-lardomar","tag-miljo"],"_links":{"self":[{"href":"https:\/\/sven-ove.nu\/index.php?rest_route=\/wp\/v2\/posts\/7020","targetHints":{"allow":["GET"]}}],"collection":[{"href":"https:\/\/sven-ove.nu\/index.php?rest_route=\/wp\/v2\/posts"}],"about":[{"href":"https:\/\/sven-ove.nu\/index.php?rest_route=\/wp\/v2\/types\/post"}],"author":[{"embeddable":true,"href":"https:\/\/sven-ove.nu\/index.php?rest_route=\/wp\/v2\/users\/1"}],"replies":[{"embeddable":true,"href":"https:\/\/sven-ove.nu\/index.php?rest_route=%2Fwp%2Fv2%2Fcomments&post=7020"}],"version-history":[{"count":7,"href":"https:\/\/sven-ove.nu\/index.php?rest_route=\/wp\/v2\/posts\/7020\/revisions"}],"predecessor-version":[{"id":7029,"href":"https:\/\/sven-ove.nu\/index.php?rest_route=\/wp\/v2\/posts\/7020\/revisions\/7029"}],"wp:attachment":[{"href":"https:\/\/sven-ove.nu\/index.php?rest_route=%2Fwp%2Fv2%2Fmedia&parent=7020"}],"wp:term":[{"taxonomy":"category","embeddable":true,"href":"https:\/\/sven-ove.nu\/index.php?rest_route=%2Fwp%2Fv2%2Fcategories&post=7020"},{"taxonomy":"post_tag","embeddable":true,"href":"https:\/\/sven-ove.nu\/index.php?rest_route=%2Fwp%2Fv2%2Ftags&post=7020"}],"curies":[{"name":"wp","href":"https:\/\/api.w.org\/{rel}","templated":true}]}}