{"id":7037,"date":"2013-10-10T11:15:40","date_gmt":"2013-10-10T10:15:40","guid":{"rendered":"http:\/\/sven-ove.nu\/?p=7037"},"modified":"2013-10-10T09:00:26","modified_gmt":"2013-10-10T08:00:26","slug":"dags-for-nasta-konstbrak","status":"publish","type":"post","link":"https:\/\/sven-ove.nu\/?p=7037","title":{"rendered":"Dags f\u00f6r n\u00e4sta konstbr\u00e5k"},"content":{"rendered":"<p><a href=\"https:\/\/sven-ove.nu\/wp-content\/uploads\/2013\/10\/Konst-m.jpg\"><img loading=\"lazy\" decoding=\"async\" class=\"size-medium wp-image-7038 alignright\" alt=\"Konst (m)\" src=\"https:\/\/sven-ove.nu\/wp-content\/uploads\/2013\/10\/Konst-m-300x237.jpg\" width=\"300\" height=\"237\" srcset=\"https:\/\/sven-ove.nu\/wp-content\/uploads\/2013\/10\/Konst-m-300x237.jpg 300w, https:\/\/sven-ove.nu\/wp-content\/uploads\/2013\/10\/Konst-m.jpg 346w\" sizes=\"auto, (max-width: 300px) 100vw, 300px\" \/><\/a><\/p>\n<p>Nu blir det kulturbr\u00e5k i Sverige igen. Moderaterna har skapat ett ironiskt konstverk.<\/p>\n<p><b>Ska ironin g\u00e5 fram?\u00a0\u00c4r nya \u201dloggan\u201d v\u00e4rd pengarna?\u00a0Hade 67 procent av Aftonbladets l\u00e4sare r\u00e4tt, n\u00e4r de kryssade i alternativet \u201d V\u00e4rdel\u00f6st, de bryr sig inte om arbetarna\u201d?<\/b><\/p>\n<p><strong>En avledningsman\u00f6ver<br \/>\n<\/strong>N\u00e5gon p\u00e5 moderaternas partih\u00f6gkvarter har t\u00e4nkt att om det nu \u00e4r som LO-ordf\u00f6randen Karl-Petter Thorwaldsson s\u00e4ger. Att vi har 400 000 arbetsl\u00f6sa och v\u00e4rre ungdomsarbetsl\u00f6shet \u00e4n de flesta l\u00e4nder i Europa. Att vi ligger p\u00e5 tolfte plats p\u00e5 EU:s arbetsl\u00f6shetslista. Att det \u00e4r ett slag i ansiktet mot de arbetsl\u00f6sa n\u00e4r moderaterna kallar sig \u201darbetarparti\u201d.<\/p>\n<p>N\u00e5gon p\u00e5 moderaternas partih\u00f6gkvarter har t\u00e4nkt att om det nu \u00e4r som Mona Sahlin sms:ar. Att partierna borde \u00e4gna sig \u00e5t politik i st\u00e4llet f\u00f6r marknadsf\u00f6ring.<\/p>\n<p>D\u00e5 \u00e4r det h\u00f6g tid med en avledningsman\u00f6ver.<\/p>\n<p><strong>Moderat ironi<br \/>\n<\/strong>&#8211; Vad vi beh\u00f6ver \u00e4r en rej\u00e4l skendebatt i st\u00e4llet f\u00f6r den stora, viktiga fr\u00e5gan om jobben, f\u00f6r d\u00e4r \u00e5ker vi moderater dit. Jag vet, vi skojar med loggan! D\u00e5 gl\u00f6mmer alla journalister att prata med de arbetsl\u00f6sa ett tag.<\/p>\n<p>&#8211; Ironi. Ska vi inte k\u00f6ra lite ironi?<\/p>\n","protected":false},"excerpt":{"rendered":"<p>Nu blir det kulturbr\u00e5k i Sverige igen. Moderaterna har skapat ett ironiskt konstverk. Ska ironin g\u00e5 fram?\u00a0\u00c4r nya \u201dloggan\u201d v\u00e4rd pengarna?\u00a0Hade 67 procent av Aftonbladets l\u00e4sare r\u00e4tt, n\u00e4r de kryssade i alternativet \u201d V\u00e4rdel\u00f6st, de bryr sig inte om arbetarna\u201d? En avledningsman\u00f6ver N\u00e5gon p\u00e5 moderaternas partih\u00f6gkvarter har t\u00e4nkt att om det nu \u00e4r som LO-ordf\u00f6randen &hellip; <a href=\"https:\/\/sven-ove.nu\/?p=7037\" class=\"more-link\">Forts\u00e4tt l\u00e4sa <span class=\"screen-reader-text\">Dags f\u00f6r n\u00e4sta konstbr\u00e5k<\/span><\/a><\/p>\n","protected":false},"author":1,"featured_media":0,"comment_status":"open","ping_status":"open","sticky":false,"template":"","format":"standard","meta":{"_crdt_document":"","_monsterinsights_skip_tracking":false,"_monsterinsights_sitenote_active":false,"_monsterinsights_sitenote_note":"","_monsterinsights_sitenote_category":0,"footnotes":""},"categories":[9],"tags":[16],"class_list":["post-7037","post","type-post","status-publish","format-standard","hentry","category-politik","tag-dumheter"],"_links":{"self":[{"href":"https:\/\/sven-ove.nu\/index.php?rest_route=\/wp\/v2\/posts\/7037","targetHints":{"allow":["GET"]}}],"collection":[{"href":"https:\/\/sven-ove.nu\/index.php?rest_route=\/wp\/v2\/posts"}],"about":[{"href":"https:\/\/sven-ove.nu\/index.php?rest_route=\/wp\/v2\/types\/post"}],"author":[{"embeddable":true,"href":"https:\/\/sven-ove.nu\/index.php?rest_route=\/wp\/v2\/users\/1"}],"replies":[{"embeddable":true,"href":"https:\/\/sven-ove.nu\/index.php?rest_route=%2Fwp%2Fv2%2Fcomments&post=7037"}],"version-history":[{"count":8,"href":"https:\/\/sven-ove.nu\/index.php?rest_route=\/wp\/v2\/posts\/7037\/revisions"}],"predecessor-version":[{"id":7046,"href":"https:\/\/sven-ove.nu\/index.php?rest_route=\/wp\/v2\/posts\/7037\/revisions\/7046"}],"wp:attachment":[{"href":"https:\/\/sven-ove.nu\/index.php?rest_route=%2Fwp%2Fv2%2Fmedia&parent=7037"}],"wp:term":[{"taxonomy":"category","embeddable":true,"href":"https:\/\/sven-ove.nu\/index.php?rest_route=%2Fwp%2Fv2%2Fcategories&post=7037"},{"taxonomy":"post_tag","embeddable":true,"href":"https:\/\/sven-ove.nu\/index.php?rest_route=%2Fwp%2Fv2%2Ftags&post=7037"}],"curies":[{"name":"wp","href":"https:\/\/api.w.org\/{rel}","templated":true}]}}