{"id":7057,"date":"2013-10-13T03:00:44","date_gmt":"2013-10-13T02:00:44","guid":{"rendered":"http:\/\/sven-ove.nu\/?p=7057"},"modified":"2013-10-18T22:40:04","modified_gmt":"2013-10-18T21:40:04","slug":"eller-svika-sina-varderingar","status":"publish","type":"post","link":"https:\/\/sven-ove.nu\/?p=7057","title":{"rendered":"&#8230; eller svika sina v\u00e4rderingar"},"content":{"rendered":"<p style=\"text-align: left;\">Inget blogginl\u00e4gg i dag och ingen bloggl\u00e4nk p\u00e5 facebook, det \u00e4r s\u00f6ndag. L\u00e4s Anders Lindbergs ledarkr\u00f6nika fr\u00e5n Aftonbladet i st\u00e4llet. N\u00e5gra borde l\u00e4sa den varje dag. Det finns bara ett jordklot, det finns bara en medm\u00e4nsklighet.<\/p>\n<p><b><i>L\u00e4nk:<\/i><\/b><i> <\/i><i><a href=\"http:\/\/www.aftonbladet.se\/ledare\/ledarkronika\/anderslindberg\/article17623451.ab?utm_source=dlvr.it&amp;utm_medium=facebook\">S borde \u00e4ndra flyktingpolitik<\/a><\/i><\/p>\n<p>Vill du ha en l\u00e4ngre text skickar jag ocks\u00e5 med Martin Gelins och Martin Adolfssons reportage i\u00a0Vi L\u00e4ser, fr\u00e5n den kanadensiska f\u00f6rfattaren Alice Munros hemtrakter. Nu f\u00e5r <a href=\"https:\/\/sven-ove.nu\/wp-content\/uploads\/2013\/10\/Morgonhimmel.jpg\"><img loading=\"lazy\" decoding=\"async\" class=\"alignleft size-medium wp-image-7060\" alt=\"Morgonhimmel\" src=\"https:\/\/sven-ove.nu\/wp-content\/uploads\/2013\/10\/Morgonhimmel-300x175.jpg\" width=\"300\" height=\"175\" srcset=\"https:\/\/sven-ove.nu\/wp-content\/uploads\/2013\/10\/Morgonhimmel-300x175.jpg 300w, https:\/\/sven-ove.nu\/wp-content\/uploads\/2013\/10\/Morgonhimmel-1024x597.jpg 1024w, https:\/\/sven-ove.nu\/wp-content\/uploads\/2013\/10\/Morgonhimmel.jpg 1332w\" sizes=\"auto, (max-width: 300px) 100vw, 300px\" \/><\/a>hon nobelpriset. Bra, \u00e4ven f\u00f6r novellen som form.<\/p>\n<p><b><i>L\u00e4nk:<\/i><\/b><i> <\/i><a href=\"http:\/\/vilaser.se\/2013\/10\/alicemunro\/\"><i>Alice Munro, var \u00e4r du?<\/i><\/a><i><\/i><\/p>\n<p>Soluppg\u00e5ngen \u00e4r fr\u00e5n en lite st\u00f6rre ort \u00e4n Clinton, Ontario.<\/p>\n","protected":false},"excerpt":{"rendered":"<p>Inget blogginl\u00e4gg i dag och ingen bloggl\u00e4nk p\u00e5 facebook, det \u00e4r s\u00f6ndag. L\u00e4s Anders Lindbergs ledarkr\u00f6nika fr\u00e5n Aftonbladet i st\u00e4llet. N\u00e5gra borde l\u00e4sa den varje dag. Det finns bara ett jordklot, det finns bara en medm\u00e4nsklighet. L\u00e4nk: S borde \u00e4ndra flyktingpolitik Vill du ha en l\u00e4ngre text skickar jag ocks\u00e5 med Martin Gelins och Martin &hellip; <a href=\"https:\/\/sven-ove.nu\/?p=7057\" class=\"more-link\">Forts\u00e4tt l\u00e4sa <span class=\"screen-reader-text\">&#8230; eller svika sina v\u00e4rderingar<\/span><\/a><\/p>\n","protected":false},"author":1,"featured_media":0,"comment_status":"open","ping_status":"open","sticky":false,"template":"","format":"standard","meta":{"_crdt_document":"","_monsterinsights_skip_tracking":false,"_monsterinsights_sitenote_active":false,"_monsterinsights_sitenote_note":"","_monsterinsights_sitenote_category":0,"footnotes":""},"categories":[9,4],"tags":[14,17],"class_list":["post-7057","post","type-post","status-publish","format-standard","hentry","category-politik","category-skrivande","tag-lasning","tag-solidaritet"],"_links":{"self":[{"href":"https:\/\/sven-ove.nu\/index.php?rest_route=\/wp\/v2\/posts\/7057","targetHints":{"allow":["GET"]}}],"collection":[{"href":"https:\/\/sven-ove.nu\/index.php?rest_route=\/wp\/v2\/posts"}],"about":[{"href":"https:\/\/sven-ove.nu\/index.php?rest_route=\/wp\/v2\/types\/post"}],"author":[{"embeddable":true,"href":"https:\/\/sven-ove.nu\/index.php?rest_route=\/wp\/v2\/users\/1"}],"replies":[{"embeddable":true,"href":"https:\/\/sven-ove.nu\/index.php?rest_route=%2Fwp%2Fv2%2Fcomments&post=7057"}],"version-history":[{"count":10,"href":"https:\/\/sven-ove.nu\/index.php?rest_route=\/wp\/v2\/posts\/7057\/revisions"}],"predecessor-version":[{"id":7129,"href":"https:\/\/sven-ove.nu\/index.php?rest_route=\/wp\/v2\/posts\/7057\/revisions\/7129"}],"wp:attachment":[{"href":"https:\/\/sven-ove.nu\/index.php?rest_route=%2Fwp%2Fv2%2Fmedia&parent=7057"}],"wp:term":[{"taxonomy":"category","embeddable":true,"href":"https:\/\/sven-ove.nu\/index.php?rest_route=%2Fwp%2Fv2%2Fcategories&post=7057"},{"taxonomy":"post_tag","embeddable":true,"href":"https:\/\/sven-ove.nu\/index.php?rest_route=%2Fwp%2Fv2%2Ftags&post=7057"}],"curies":[{"name":"wp","href":"https:\/\/api.w.org\/{rel}","templated":true}]}}